{"id":99,"date":"2010-04-18T21:19:46","date_gmt":"2010-04-18T19:19:46","guid":{"rendered":"http:\/\/74.53.186.210\/~jvilacat\/ca\/?p=99"},"modified":"2010-04-19T19:35:31","modified_gmt":"2010-04-19T17:35:31","slug":"endesa-i-el-tiepi-a-les-comarques-de-girona","status":"publish","type":"post","link":"https:\/\/www.jvila.cat\/ca\/?p=99","title":{"rendered":"Endesa i el Tiepi a les comarques de Girona"},"content":{"rendered":"<p style=\"text-align: center;\"><object classid=\"clsid:d27cdb6e-ae6d-11cf-96b8-444553540000\" width=\"497\" height=\"305\" codebase=\"http:\/\/download.macromedia.com\/pub\/shockwave\/cabs\/flash\/swflash.cab#version=6,0,40,0\"><param name=\"allowFullScreen\" value=\"true\" \/><param name=\"allowscriptaccess\" value=\"always\" \/><param name=\"src\" value=\"http:\/\/www.youtube.com\/v\/7MQJWNXPKws&amp;hl=es_ES&amp;fs=1&amp;border=1\" \/><param name=\"allowfullscreen\" value=\"true\" \/><embed type=\"application\/x-shockwave-flash\" width=\"497\" height=\"305\" src=\"http:\/\/www.youtube.com\/v\/7MQJWNXPKws&amp;hl=es_ES&amp;fs=1&amp;border=1\" allowscriptaccess=\"always\" allowfullscreen=\"true\"><\/embed><\/object><\/p>\n<p style=\"text-align: left;\">La qualitat el\u00e8ctrica que subministren les companyies el\u00e8ctriques dep\u00e8n de diversos factors: dep\u00e8n de la continu\u00eftat del servei (que no hi hagi apagades), de la qualitat el\u00e8ctrica, i de l\u00b4atenci\u00f3 al client. Aix\u00ed, la qualitat t\u00e9 a veure amb la forma de l\u00b4ona (ha de ser sinuso\u00efdal, no quadrada, ni amb ziga-zaga), no ha de tenir microtalls, i ha de tenir els m\u00ednims de talls programats i imprevistos. Aquests poden ser per causes pr\u00f2pies, deguts a tercers, i a factors de for\u00e7a major, entre els que s\u00b4inclouen els deguts a les nevades, als llamps i al vent. La qualitat dep\u00e8n tamb\u00e9 de l\u00b4atenci\u00f3 al client, b\u00e9 sigui per nous subministraments (obres, pressupostos i noves altes), a l\u00b4atenci\u00f3 davant incid\u00e8ncies (queixes i reclamacions), i als efectes deguts al no pagament (talls i reconnexions). Tot aix\u00f2 ho defineix b\u00e9 la llei de qualitat el\u00e8ctrica de la Generalitat. L\u00b4objectiu de la llei \u00e9s el de millorar la qualitat el\u00e8ctrica a Catalunya. Per\u00f2, molt m\u00e9s important, es fixen objectius de millora de les xarxes que permetin bons \u00edndexs de qualitat i millor seguretat el\u00e8ctrica. Per exemple garanteix que tots els clients estiguin alimentats per m\u00e9s d\u00b4una subestaci\u00f3. En el cas de zona urbana cada subestaci\u00f3 estar\u00e0 connectada amb la seva ve\u00efna, garantint que la pot\u00e8ncia d\u00b4una pugui alimentar-ne dues de contig\u00fces. La llei preveu tamb\u00e9 que les noves subestacions tinguin transformadors de reserva pel 30% de la pot\u00e8ncia total de la instal\u00b7laci\u00f3. Tamb\u00e9 hauran de tenir espai reservat per subestacions m\u00f2bils d\u00b4urg\u00e8ncia. Les empreses tenien dos anys per adaptar-se a la nova llei de 23 de desembre de 2008.<!--more--><br \/>\nLa llei defineix molt b\u00e9 el temps m\u00e0xim d\u00b4interrupci\u00f3 segons les zones. Per a la zona urbana (de m\u00e9s de 20.000 usuaris), el temps d\u00b4interrupci\u00f3 m\u00e0xima pel 90% dels afectats \u00e9s de 2 hores, per una zona semiurbana (entre 2.000 i 20.000 usuaris) ser\u00e0 de 4 hores i per la zona rural (entre 200 i 2.000 usuaris) ser\u00e0 de 6 hores. Aqu\u00ed s\u00b4exclouen les avaries de for\u00e7a major i les causades per tercers.<br \/>\nA part del que defineix la llei com a temps m\u00e0xim d\u00b4interrupci\u00f3, obliga a les companyies a tenir aparells de mesura a totes les subestacions que envien les dades al departament d\u00b4energia de la Generalitat. Aix\u00ed es pot saber el temps acumulat de les interrupcions el\u00e8ctriques de cada \u00e0rea. Aquest temps s\u00b4anomena Tiepi (temps d\u00b4interrupci\u00f3 equivalent de la pot\u00e8ncia instal\u00b7lada) i el va crear el ministeri d\u00b4ind\u00fastria en el RD1955\/2000. Segons aquest decret, per a cada zona es defineix el temps Tiepi l\u00edmit seg\u00fcent:<br \/>\nCal dir que el temps total d\u00b4interrupci\u00f3 \u00e9s la suma del temps programat per l\u00b4empresa per fer reparacions i per l\u00b4imprevist. Alhora aquest temps imprevist pot ser degut a tercers,a imprevistos de la xarxa, o a elements de for\u00e7a major.<br \/>\nNom\u00e9s el temps imprevist a la xarxa d\u00f3na com a resultat un abonament per part de la companyia el\u00e8ctrica al consumidor. La difer\u00e8ncia entre el Tiepi de cada usuari i el definit com a l\u00edmit pel ministeri, la companyia el pagar\u00e0 a ra\u00f3 de 5 vegades el preu de la tarifa de kWh amb un m\u00e0xim del 10% de la facturaci\u00f3 anual.<br \/>\nPer tenir un valor de refer\u00e8ncia, el Tiepi de Catalunya a l\u00b4any 2008 va ser d\u00b41,37 h, el de la Comunitat de Madrid d\u00b41,26 h, el d\u00b4Andalusia de 3,00 h, el de Melilla de 8,60 h, el de Cant\u00e0bria 1,16 h.,&#8230;el d\u00b4Holanda 0,45 h., el d\u00b4It\u00e0lia 3,51 h., el de Fran\u00e7a 3,52 h., el d\u00b4Alemanya 0,51 h.,&#8230; El valor dep\u00e8n molt de la zona rural de muntanya.<br \/>\nEl Tiepi a Catalunya ha evolucionat molt des de les 4,64 hores de l\u00b4any 2001 fins a les 1,37 hores de l\u00b4any 2008, una baixada del 70%.<br \/>\nDurant la nevada Fecsa Endesa va dir que la qualitat el\u00e8ctrica de Girona era millor que la de Madrid. No especificava si el valor era el de les prov\u00edncies o el de les capitals. El valor Tiepi imprevist de Girona capital a l\u00b4any 2009 ha estat de 0,31 hores.<br \/>\nVeient els valors Tiepi de tots els municipis de les comarques de Girona que tenen Fecsa-Endesa com a companyia, pocs municipis incompleixen el l\u00edmit del ministeri. A l\u00b4Alt Empord\u00e0 no compleix Sant Miquel de Fluvi\u00e0. Al Baix Empord\u00e0 no compleixen els l\u00edmits a Colomers, a Jafre, a la Tallada i a Verges. Al Giron\u00e8s i a la Garrotxa no es supera en cap municipi. A La Selva el l\u00edmit es supera a Riells i Viabrea. Al Pla de l\u00b4Estany el municipi amb Tiepi superior al l\u00edmit \u00e9s Palol de Revardit, tot i que en la comarca la majoria del subministrament el fan altres empreses. Al Ripoll\u00e8s els municipis afectats pel Tiepi superat s\u00f3n Camprodon, Moll\u00f3 i Pardines. Finalment a la Cerdanya no hi ha cap municipi d\u00b4Endesa que incompleixi el Tiepi. Per tant, la distribuci\u00f3 d\u00b4Endesa no ha complert els l\u00edmits d\u00b4interrupci\u00f3 del valor Tiepi marcats pel ministeri en 10 municipis dels 170 que t\u00e9 la companyia.<br \/>\nA la vista de les dades tothom pot treure la seva conclusi\u00f3 sobre si Endesa fa el manteniment de forma correcta o no. La llei de qualitat el\u00e8ctrica de Catalunya l\u00b4obliga a donar millor servei. A primera vista a mi no em sembla un mal servei, tot i que els pobles que han estat amb 4, 5, 6 o 8 hores sense llum durant el 2009 no deuen pensar el mateix. Les comarques de Girona tenen la poblaci\u00f3 molt dispersa i \u00e9s m\u00e9s dif\u00edcil no tenir incidents que no pas en les \u00e0rees urbanes. Per refer\u00e8ncia, el valor Tiepi imprevist de tot Catalunya l\u00b4any 2009 va ser de 1,00 hores, mentre que el de les comarques de Girona va ser de 0,913 h. Aquests valors s\u00f3n comparables als de pa\u00efsos moderns. Estic conven\u00e7ut que en els propers anys, gr\u00e0cies a la nova llei de qualitat, aquests valors encara aniran millorant.<\/p>\n<p style=\"text-align: left;\"><img loading=\"lazy\" decoding=\"async\" class=\"alignnone\" title=\"Tiepi Alt Empord\u00e0 2009\" src=\"http:\/\/lh6.ggpht.com\/_WtTyv7DS8EA\/S8tkaRidYSI\/AAAAAAAABZw\/1PrbJJu3bxw\/s640\/Diapositiva%201.jpg\" alt=\"\" width=\"640\" height=\"480\" \/><img loading=\"lazy\" decoding=\"async\" class=\"alignnone\" title=\"Tiepi Baix Empord\u00e0 2009\" src=\"http:\/\/lh3.ggpht.com\/_WtTyv7DS8EA\/S8tkagyplOI\/AAAAAAAABZ0\/pLRpNY5Y7qE\/s640\/Diapositiva2.JPG\" alt=\"\" width=\"640\" height=\"480\" \/><img loading=\"lazy\" decoding=\"async\" class=\"alignnone\" title=\"Tiepi La Cerdanya 2009\" src=\"http:\/\/lh5.ggpht.com\/_WtTyv7DS8EA\/S8tka6l6I9I\/AAAAAAAABZ4\/02mSqHBO8hU\/s640\/Diapositiva3.JPG\" alt=\"\" width=\"640\" height=\"480\" \/><img loading=\"lazy\" decoding=\"async\" class=\"alignnone\" title=\"Tiepi La Garrotxa 2009\" src=\"http:\/\/lh5.ggpht.com\/_WtTyv7DS8EA\/S8tka_puEyI\/AAAAAAAABZ8\/XdNnld61aYE\/s640\/Diapositiva4.JPG\" alt=\"\" width=\"640\" height=\"480\" \/><img loading=\"lazy\" decoding=\"async\" class=\"alignnone\" title=\"Tiepi Giron\u00e8s 2009\" src=\"http:\/\/lh4.ggpht.com\/_WtTyv7DS8EA\/S8tka3oRqAI\/AAAAAAAABaA\/XPqzy51e6mA\/s640\/Diapositiva5.JPG\" alt=\"\" width=\"640\" height=\"480\" \/><img loading=\"lazy\" decoding=\"async\" class=\"alignnone\" title=\"Tiepi Pla de l'Estany 2009\" src=\"http:\/\/lh4.ggpht.com\/_WtTyv7DS8EA\/S8tkhHHIaUI\/AAAAAAAABaE\/wV27ZTsHVY4\/s640\/Diapositiva6.JPG\" alt=\"\" width=\"640\" height=\"480\" \/><img loading=\"lazy\" decoding=\"async\" class=\"alignnone\" title=\"Tiepi Ripoll\u00e8s 2009\" src=\"http:\/\/lh3.ggpht.com\/_WtTyv7DS8EA\/S8tkhIifnhI\/AAAAAAAABaI\/VP6J1pHUdOE\/s640\/Diapositiva7.JPG\" alt=\"\" width=\"640\" height=\"480\" \/><img loading=\"lazy\" decoding=\"async\" class=\"alignnone\" title=\"Tiepi La Selva 2009\" src=\"http:\/\/lh3.ggpht.com\/_WtTyv7DS8EA\/S8tkhNSPaVI\/AAAAAAAABaM\/3ols6Dn4f-I\/s640\/Diapositiva8.JPG\" alt=\"\" width=\"640\" height=\"480\" \/><\/p>\n<div style=\"padding-top:0px;\t\r\npadding-right:0px;\r\npadding-bottom:0px;\r\npadding-left:0px;\r\nmargin-top:0px;\r\nmargin-right:0px;\r\nmargin-bottom:0px;\r\nmargin-left:0px;\"><a href=\"https:\/\/twitter.com\/share\" class=\"twitter-share-button\" \r\n\t\t\t\t        data-url=\"https:\/\/www.jvila.cat\/ca\/?p=99\" \r\n\t\t\t\t        data-via=\"joanvilallanars\"\r\n\t\t\t\t\t    data-text=\"Tuiteja\"\r\n\t\t\t\t\t    data-related=\"\"\r\n\t\t\t\t\t    data-count=\"horizontal\"\r\n\t\t\t\t\t    data-hashtags=\"\"\r\n\t\t\t\t\t    data-lang=\"ca_CA\"\r\n\t\t\t\t\t    data-counturl=\"\"\r\n\t\t\t\t\t    data-size=\"medium\"\r\n\t\t\t\t\t    data-dnt=\"false\"\t> Tweet <\/a> <\/div>\r\n\t\t                <script>\r\n\t\t\t\t\t    !function(d,s,id) {\r\n\t\t\t\t\t      var js,fjs=d.getElementsByTagName(s)[0];\r\n\t\t\t\t\t      if(!d.getElementById(id)) {\r\n\t\t\t\t\t       js=d.createElement(s);js.id=id;js.src=\"https:\/\/platform.twitter.com\/widgets.js\";fjs.parentNode.insertBefore(js,fjs);\r\n\t\t\t\t\t      }\r\n\t\t\t\t\t    }\r\n\t\t\t\t\t   (document,\"script\",\"twitter-wjs\");\r\n\t\t\t\t\t    <\/script>","protected":false},"excerpt":{"rendered":"<p>La qualitat el\u00e8ctrica que subministren les companyies el\u00e8ctriques dep\u00e8n de diversos factors: dep\u00e8n de la continu\u00eftat del servei (que no hi hagi apagades), de la qualitat el\u00e8ctrica, i de l\u00b4atenci\u00f3 al client. Aix\u00ed, la qualitat t\u00e9 a veure amb la forma de l\u00b4ona (ha de ser sinuso\u00efdal, no quadrada, ni amb ziga-zaga), no ha de tenir microtalls, i ha de tenir els m\u00ednims de talls programats i imprevistos. Aquests poden ser per causes pr\u00f2pies, deguts a tercers, i a factors&#8230;<\/p>\n<p class=\"read-more\"><a class=\"btn btn-default\" href=\"https:\/\/www.jvila.cat\/ca\/?p=99\">Llegeix l&#8217;article<span class=\"screen-reader-text\"> Llegeix l&#8217;article<\/span><\/a><\/p>\n","protected":false},"author":1,"featured_media":0,"comment_status":"open","ping_status":"open","sticky":false,"template":"","format":"standard","meta":{"footnotes":""},"categories":[1],"tags":[],"class_list":["post-99","post","type-post","status-publish","format-standard","hentry","category-opinio"],"_links":{"self":[{"href":"https:\/\/www.jvila.cat\/ca\/index.php?rest_route=\/wp\/v2\/posts\/99","targetHints":{"allow":["GET"]}}],"collection":[{"href":"https:\/\/www.jvila.cat\/ca\/index.php?rest_route=\/wp\/v2\/posts"}],"about":[{"href":"https:\/\/www.jvila.cat\/ca\/index.php?rest_route=\/wp\/v2\/types\/post"}],"author":[{"embeddable":true,"href":"https:\/\/www.jvila.cat\/ca\/index.php?rest_route=\/wp\/v2\/users\/1"}],"replies":[{"embeddable":true,"href":"https:\/\/www.jvila.cat\/ca\/index.php?rest_route=%2Fwp%2Fv2%2Fcomments&post=99"}],"version-history":[{"count":10,"href":"https:\/\/www.jvila.cat\/ca\/index.php?rest_route=\/wp\/v2\/posts\/99\/revisions"}],"predecessor-version":[{"id":106,"href":"https:\/\/www.jvila.cat\/ca\/index.php?rest_route=\/wp\/v2\/posts\/99\/revisions\/106"}],"wp:attachment":[{"href":"https:\/\/www.jvila.cat\/ca\/index.php?rest_route=%2Fwp%2Fv2%2Fmedia&parent=99"}],"wp:term":[{"taxonomy":"category","embeddable":true,"href":"https:\/\/www.jvila.cat\/ca\/index.php?rest_route=%2Fwp%2Fv2%2Fcategories&post=99"},{"taxonomy":"post_tag","embeddable":true,"href":"https:\/\/www.jvila.cat\/ca\/index.php?rest_route=%2Fwp%2Fv2%2Ftags&post=99"}],"curies":[{"name":"wp","href":"https:\/\/api.w.org\/{rel}","templated":true}]}}