{"id":86,"date":"2010-04-12T07:04:54","date_gmt":"2010-04-12T05:04:54","guid":{"rendered":"http:\/\/74.53.186.210\/~jvilacat\/ca\/?p=86"},"modified":"2010-04-12T11:22:54","modified_gmt":"2010-04-12T09:22:54","slug":"les-primeres-piles-dels-cotxes-electrics","status":"publish","type":"post","link":"https:\/\/www.jvila.cat\/ca\/?p=86","title":{"rendered":"Les primeres piles dels cotxes el\u00e8ctrics"},"content":{"rendered":"<p style=\"text-align: center;\"><object classid=\"clsid:d27cdb6e-ae6d-11cf-96b8-444553540000\" width=\"500\" height=\"405\" codebase=\"http:\/\/download.macromedia.com\/pub\/shockwave\/cabs\/flash\/swflash.cab#version=6,0,40,0\"><param name=\"allowFullScreen\" value=\"true\" \/><param name=\"allowscriptaccess\" value=\"always\" \/><param name=\"src\" value=\"http:\/\/www.youtube.com\/v\/ogmBhkmG9JY&amp;hl=es_ES&amp;fs=1&amp;border=1\" \/><param name=\"allowfullscreen\" value=\"true\" \/><embed type=\"application\/x-shockwave-flash\" width=\"500\" height=\"405\" src=\"http:\/\/www.youtube.com\/v\/ogmBhkmG9JY&amp;hl=es_ES&amp;fs=1&amp;border=1\" allowscriptaccess=\"always\" allowfullscreen=\"true\"><\/embed><\/object><\/p>\n<p style=\"text-align: left;\">Aquesta setmana el govern ha presentat el seu pla per impulsar el cotxe el\u00e8ctric. Ho ha fet cuidant la forma, amb una presentaci\u00f3 amb el suport d&#8217;alguns empresaris. No entenc aquesta mania d&#8217;insistir en els <em>florentinos<\/em> de torn, en els grans empresaris experts en especulaci\u00f3, per resoldre problemes de kilowatts. Cap dels empresaris convocats a la presentaci\u00f3 del pla devia ser capa\u00e7 d&#8217;entendre la necessitat del cotxe el\u00e8ctric pel futur del nostre sistema energ\u00e8tic. \u00c9s m\u00e9s, n&#8217;hi ha molts que fins fa poc feien mofa del futur del cotxe el\u00e8ctric, si no \u00e9s que encara en fan. Com a empresari em fastigueja la representaci\u00f3 permanent d&#8217;aquestes empreses. Nom\u00e9s hi faltava l&#8217;empresa tecnol\u00f2gica, Telef\u00f3nica, aquella de l&#8217;escala damunt la furgoneta.<br \/>\nLa realitat \u00e9s que, a poc a poc, la gent que es resistia a creure en el cotxe el\u00e8ctric va canviant de parer. Recordo al professor <strong>Pedro Nueno<\/strong>, tot just l&#8217;any passat, que va escriure fent conya de com es carregaria una bateria en una estaci\u00f3 de servei. Era fruit de la resist\u00e8ncia a pensar que les coses poden i han de canviar. Heus aqu\u00ed que el president <strong>Zapatero<\/strong> ha presentat un pla de 590 milions d&#8217;euros per impulsar el cotxe el\u00e8ctric. \u00c9s el primer senyal que la cosa va de deb\u00f2. El pla pret\u00e9n facilitar el comprom\u00eds del ministre d&#8217;Ind\u00fastria <strong>Miguel Sebasti\u00e1n<\/strong> d&#8217;assolir 1 mili\u00f3 de cotxes el\u00e8ctrics a l&#8217;any 2014. El comprom\u00eds ser\u00e0 una mica descafe\u00efnat perqu\u00e8 ara nom\u00e9s preveu que hi hagi 250.000 cotxes el\u00e8ctrics i la resta, 750.000, seran h\u00edbrids, sense dir si seran endollables, carregables a la xarxa, o no.<br \/>\nEls cotxes el\u00e8ctrics tenen un futur molt gran a Espanya. Primer pel fet que tenim una depend\u00e8ncia del 85% de l&#8217;exterior en la compra d&#8217;energia, per la qual cosa \u00e9s imprescindible comen\u00e7ar a estalviar com bojos si volem sobreviure en el futur. Estalviar en cotxes h\u00edbrids, com el que tinc jo des de fa 6 anys, amb 220.000 km, \u00e9s important, tot i que no fa ni quatre anys vaig escoltar al president de Renault dir que la hibridaci\u00f3 era una bajanada&#8230;<!--more--><br \/>\n<img loading=\"lazy\" decoding=\"async\" class=\"alignleft\" src=\"http:\/\/lh6.ggpht.com\/_WtTyv7DS8EA\/S8Ljt5BEMDI\/AAAAAAAABY4\/hYeGel73b1o\/s912\/Corba-demanda-electrica-09..jpg\" alt=\"corba demanda el\u00e8ctrica\" width=\"386\" height=\"200\" \/>Per\u00f2 la part m\u00e9s important del cotxe el\u00e8ctric t\u00e9 a veure en la seva implicaci\u00f3 amb la xarxa el\u00e8ctrica. Ja est\u00e0, direu molts, la xarxa no tindr\u00e0 prou capacitat per alimentar-los. Just al contrari. He explicat sovint en aquest espai que la generaci\u00f3 d&#8217;electricitat es fa a mesura que es consumeix, a temps real, i que el consum no \u00e9s pla durant tot el dia. El consum, i per tant la generaci\u00f3 el\u00e8ctrica, tenen variacions durant el dia. A la nit es consumeix gaireb\u00e9 la meitat del que es fa de dia. Aquesta setmana el consum comen\u00e7a a pujar a partir de les vuit per fer una punta cap a dos quarts d&#8217;onze, baixa lleugerament fins a les set de la tarda i puja per fer una segona punta cap a dos quarts de deu del vespre. Llavors torna a baixar fins fer el m\u00ednim entre les quatre i les cinc. Ja sabeu qui modula tot aix\u00f2: les centrals hidr\u00e0uliques, les de carb\u00f3 i les de gas. Elles van pujant i baixant la generaci\u00f3 per equilibrar la demanda. No ho fan les nuclears, que treballen a piny\u00f3 fix. Tampoc ho fan les centrals solars i e\u00f2liques que produeixen nom\u00e9s quan hi ha les condicions de sol i vent. El resultat d&#8217;aquesta barreja \u00e9s una complicaci\u00f3 per l&#8217;energia e\u00f2lica durant les hores de nit i festives, quan es consumeix poca electricitat. Llavors l&#8217;energia e\u00f2lica generada no la pot consumir la xarxa i s&#8217;ha de llen\u00e7ar en part (aturar, que \u00e9s el mateix).<br \/>\nI qu\u00e8 hi fan els cotxes el\u00e8ctrics en tot aix\u00f2? Justament consumir en aquests per\u00edodes de baixa demanda. Avui el parc e\u00f2lic t\u00e9 una pot\u00e8ncia de prop de 20 GW i cada any s&#8217;han d&#8217;aturar parcs per exc\u00e9s de pot\u00e8ncia e\u00f2lica durant certes hores. El mix el\u00e8ctric previst per l&#8217;any 2020 planteja una pot\u00e8ncia e\u00f2lica de 40 GW. Per arribar-hi \u00e9s necessari posar al territori 10 milions de cotxes el\u00e8ctrics dels 28 milions amb motor de combusti\u00f3 que hi ha ara mateix.El benefici d&#8217;un mili\u00f3 de cotxes el\u00e8ctrics que es connectin a la xarxa ser\u00e0 un estalvi del 3% del petroli total importat i del 2% de tota l&#8217;energia que es consumeix a Espanya. Si arribem definitivament als 10 milions de cotxes el\u00e8ctrics l&#8217;estalvi en petroli ser\u00e0 del 25% i l&#8217;estalvi energ\u00e8tic total per a Espanya ser\u00e0 del 16%. En aquest cas la participaci\u00f3 de les energies renovables en el mix el\u00e8ctric espanyol seria del 41% (ara \u00e9s del 19%).<br \/>\nEncara es diuen moltes bestieses sobre les possibilitats del cotxe el\u00e8ctric. Es diu que no hi haur\u00e0 prou sistema el\u00e8ctric per fer-ho possible, quan ja he explicat que la c\u00e0rrega s&#8217;ha de fer de nit perqu\u00e8 ens interessa. El preu ho far\u00e0 possible, \u00e9s el mecanisme que cal fer servir. Per altra part, es diu que \u00e9s una quimera haver de carregar durant tantes hores. \u00c9s cert que el xip del cotxe el\u00e8ctric \u00e9s diferent del de gasolina. La c\u00e0rrega completa ha de ser de nit, per\u00f2 hi poden haver c\u00e0rregues parcials durant el dia, amb per\u00edodes inferiors a una hora. Qui diu que les bateries s&#8217;hagin de carregar a les gasolineres? El millor lloc per carregar una bateria d&#8217;un cotxe \u00e9s l&#8217;aparcament, sigui el de la feina, el del restaurant o el del centre de la ciutat. Per\u00f2 l&#8217;argument de m\u00e9s pes \u00e9s la poca autonomia dels cotxes el\u00e8ctrics. Com a molt tindran autonomies des de 200 km fins a 400 km i aix\u00f2 vol dir que amb el cotxe s&#8217;hauran de repensar els viatges. \u00c9s cert que vindran els cotxes h\u00edbrids endollables amb els que es podr\u00e0 continuar amb un motor de gasolina. Per\u00f2 el que caldr\u00e0 ser\u00e0 redefinir l&#8217;\u00e0mbit del cotxe. Si en una fam\u00edlia hi ha dos cotxes, un pot ser urb\u00e0 el\u00e8ctric i l&#8217;altre potser no, o en tot cas pot ser h\u00edbrid. Caldr\u00e0 decidir si val la pena tenir un cotxe per anar a un lloc determinat (a esquiar per exemple) quan s&#8217;hi va nom\u00e9s una o dues vegades a l&#8217;any. Reconec que fa mandra pensar-hi, per\u00f2 el preu de l&#8217;energia s&#8217;encarregar\u00e0 de treure&#8217;ns la son.<br \/>\nEl que ning\u00fa diu \u00e9s que, sense comptar el Reva, avui com a cotxe el\u00e8ctric nom\u00e9s hi ha el noruec Think City (aviat a Espanya), perqu\u00e8 els fabricants no han acabat de resoldre encara la bateria ni el preu. A veure si hem venut la pell de l&#8217;\u00f3s abans de ca\u00e7ar-lo&#8230;<\/p>\n<div style=\"padding-top:0px;\t\r\npadding-right:0px;\r\npadding-bottom:0px;\r\npadding-left:0px;\r\nmargin-top:0px;\r\nmargin-right:0px;\r\nmargin-bottom:0px;\r\nmargin-left:0px;\"><a href=\"https:\/\/twitter.com\/share\" class=\"twitter-share-button\" \r\n\t\t\t\t        data-url=\"https:\/\/www.jvila.cat\/ca\/?p=86\" \r\n\t\t\t\t        data-via=\"joanvilallanars\"\r\n\t\t\t\t\t    data-text=\"Tuiteja\"\r\n\t\t\t\t\t    data-related=\"\"\r\n\t\t\t\t\t    data-count=\"horizontal\"\r\n\t\t\t\t\t    data-hashtags=\"\"\r\n\t\t\t\t\t    data-lang=\"ca_CA\"\r\n\t\t\t\t\t    data-counturl=\"\"\r\n\t\t\t\t\t    data-size=\"medium\"\r\n\t\t\t\t\t    data-dnt=\"false\"\t> Tweet <\/a> <\/div>\r\n\t\t                <script>\r\n\t\t\t\t\t    !function(d,s,id) {\r\n\t\t\t\t\t      var js,fjs=d.getElementsByTagName(s)[0];\r\n\t\t\t\t\t      if(!d.getElementById(id)) {\r\n\t\t\t\t\t       js=d.createElement(s);js.id=id;js.src=\"https:\/\/platform.twitter.com\/widgets.js\";fjs.parentNode.insertBefore(js,fjs);\r\n\t\t\t\t\t      }\r\n\t\t\t\t\t    }\r\n\t\t\t\t\t   (document,\"script\",\"twitter-wjs\");\r\n\t\t\t\t\t    <\/script>","protected":false},"excerpt":{"rendered":"<p>Aquesta setmana el govern ha presentat el seu pla per impulsar el cotxe el\u00e8ctric. Ho ha fet cuidant la forma, amb una presentaci\u00f3 amb el suport d&#8217;alguns empresaris. No entenc aquesta mania d&#8217;insistir en els florentinos de torn, en els grans empresaris experts en especulaci\u00f3, per resoldre problemes de kilowatts. Cap dels empresaris convocats a la presentaci\u00f3 del pla devia ser capa\u00e7 d&#8217;entendre la necessitat del cotxe el\u00e8ctric pel futur del nostre sistema energ\u00e8tic. \u00c9s m\u00e9s, n&#8217;hi ha molts que&#8230;<\/p>\n<p class=\"read-more\"><a class=\"btn btn-default\" href=\"https:\/\/www.jvila.cat\/ca\/?p=86\">Llegeix l&#8217;article<span class=\"screen-reader-text\"> Llegeix l&#8217;article<\/span><\/a><\/p>\n","protected":false},"author":1,"featured_media":0,"comment_status":"open","ping_status":"open","sticky":false,"template":"","format":"standard","meta":{"footnotes":""},"categories":[1],"tags":[],"class_list":["post-86","post","type-post","status-publish","format-standard","hentry","category-opinio"],"_links":{"self":[{"href":"https:\/\/www.jvila.cat\/ca\/index.php?rest_route=\/wp\/v2\/posts\/86","targetHints":{"allow":["GET"]}}],"collection":[{"href":"https:\/\/www.jvila.cat\/ca\/index.php?rest_route=\/wp\/v2\/posts"}],"about":[{"href":"https:\/\/www.jvila.cat\/ca\/index.php?rest_route=\/wp\/v2\/types\/post"}],"author":[{"embeddable":true,"href":"https:\/\/www.jvila.cat\/ca\/index.php?rest_route=\/wp\/v2\/users\/1"}],"replies":[{"embeddable":true,"href":"https:\/\/www.jvila.cat\/ca\/index.php?rest_route=%2Fwp%2Fv2%2Fcomments&post=86"}],"version-history":[{"count":9,"href":"https:\/\/www.jvila.cat\/ca\/index.php?rest_route=\/wp\/v2\/posts\/86\/revisions"}],"predecessor-version":[{"id":95,"href":"https:\/\/www.jvila.cat\/ca\/index.php?rest_route=\/wp\/v2\/posts\/86\/revisions\/95"}],"wp:attachment":[{"href":"https:\/\/www.jvila.cat\/ca\/index.php?rest_route=%2Fwp%2Fv2%2Fmedia&parent=86"}],"wp:term":[{"taxonomy":"category","embeddable":true,"href":"https:\/\/www.jvila.cat\/ca\/index.php?rest_route=%2Fwp%2Fv2%2Fcategories&post=86"},{"taxonomy":"post_tag","embeddable":true,"href":"https:\/\/www.jvila.cat\/ca\/index.php?rest_route=%2Fwp%2Fv2%2Ftags&post=86"}],"curies":[{"name":"wp","href":"https:\/\/api.w.org\/{rel}","templated":true}]}}