{"id":84,"date":"2010-04-10T10:31:31","date_gmt":"2010-04-10T08:31:31","guid":{"rendered":"http:\/\/74.53.186.210\/~jvilacat\/ca\/?p=84"},"modified":"2010-04-10T10:31:31","modified_gmt":"2010-04-10T08:31:31","slug":"polemica-i-topics-de-la-reforma-laboral-dantoni-papell-a-el-periodico","status":"publish","type":"post","link":"https:\/\/www.jvila.cat\/ca\/?p=84","title":{"rendered":"Pol\u00e8mica i t\u00f2pics de la reforma laboral d&#8217;Antoni Papell a El Periodico"},"content":{"rendered":"<p>M<strong>iguel \u00c1ngel Fern\u00e1ndez Ord\u00f3\u00f1ez<\/strong> no \u00e9s un liberal doctrinari ni molt menys un economista reaccionari. Professional progressista i de prestigi, secretari d\u2019Estat amb\u00a0<strong>Gonz\u00e1lez<\/strong> i amb\u00a0<strong>Rodr\u00edguez Zapatero,<\/strong> el seu pas al consell del Banc d\u2019Espanya, primer, i al c\u00e0rrec de governador en substituci\u00f3 de\u00a0<strong>Jaime Caruana,<\/strong> despr\u00e9s, va ser durament criticat pel PP per l\u2019\u00abalt perfil pol\u00edtic del personatge\u00bb. La principal for\u00e7a opositora tenia ra\u00f3 al protestar pel fet que l\u2019Executiu socialista no busqu\u00e9s aquesta vegada el consens.<br \/>\nAtesa aquesta biografia de filiaci\u00f3 inequ\u00edvoca, no t\u00e9 cap sentit que les recomanacions de\u00a0<strong>Fern\u00e1ndez Ord\u00f3\u00f1ez<\/strong> en mat\u00e8ria de pol\u00edtica econ\u00f2mica s\u2019ignorin sistem\u00e0ticament, si no es critiquen amb duresa, per part de l\u2019actual Govern socialista. \u00c9s indubtable que el governador del Banc d\u2019Espanya mant\u00e9 una posici\u00f3 independent, perqu\u00e8 aquesta \u00e9s la seva obligaci\u00f3, per\u00f2 aix\u00f2 no significa que les seves tesis estiguin sistem\u00e0ticament en contradicci\u00f3 amb les pautes socialdem\u00f2crates que leg\u00edtimament exhibeix, sense enganyar ning\u00fa, l\u2019actual majoria.<!--more--><\/p>\n<p>L\u2019\u00faltima pol\u00e8mica, de moment, versa sobre la conjuntura en general i sobre l\u2019evoluci\u00f3 de l\u2019atur en particular. En l\u2019\u00faltim butllet\u00ed del Banc d\u2019Espanya, el supervisor pensa, amb menys optimisme que el Govern, que la creaci\u00f3 d\u2019ocupaci\u00f3 nom\u00e9s tindr\u00e0 lloc \u00abels trimestres finals del 2011\u00bb; no obstant, la destrucci\u00f3 de llocs de treball el 2011 ser\u00e0 \u00abmolt petita\u00bb en mitjana anual. En canvi, l\u2019Executiu, que confia en un creixement econ\u00f2mic m\u00e9s r\u00e0pid, assegura que la creaci\u00f3 d\u2019ocupaci\u00f3 comen\u00e7ar\u00e0 a finals de l\u2019exercici actual. Per\u00f2 si aquesta discrep\u00e0ncia \u00e9s inn\u00f2cua \u2013el temps dir\u00e0 qui t\u00e9 ra\u00f3 en el pron\u00f2stic\u2013,\u00a0el fet preocupant \u00e9s que el Banc d\u2019Espanya discrepa una vegada m\u00e9s de l\u2019actual model de contractaci\u00f3 laboral. L\u2019\u00faltim informe inclou un cap\u00edtol firmat per tres experts del servei d\u2019estudis de la instituci\u00f3 en qu\u00e8 s\u2019explica que l\u2019actual bretxa entre treballadors fixos i temporals enverina el mercat laboral. Efectivament, aquesta dualitat \u2013un ter\u00e7 de la for\u00e7a laboral treballa amb contracte temporal i gaireb\u00e9 sense cost d\u2019acomiadament\u2013 t\u00e9 un efecte pervers, ja que l\u2019empresari que ha de retallar plantilla no renuncia ara al treballador menys efica\u00e7, sin\u00f3 al m\u00e9s barat d\u2019acomiadar, de manera que \u00abes mantenen llocs de treball ocupats per treballadors amb contracte indefinit amb una productivitat inferior a la dels nous llocs de treball que es creen, i aix\u00f2 influeix negativament en la productivitat agregada\u00bb.<br \/>\nDes d\u2019aquest punt de vista, \u00e9s l\u00f2gic que els autors de l\u2019informe previnguin el Govern d\u2019un indesitjable desenlla\u00e7 de la negociaci\u00f3 social en curs: penalitzar la contractaci\u00f3 eventual, com ha plantejat el Govern a la patronal i als sindicats a la mesa de la reforma laboral, i mantenir intactes les condicions de la indefinida \u00abperjudicaria notablement les perspectives de recuperaci\u00f3 de l\u2019ocupaci\u00f3\u00bb. \u00c9s evident.<br \/>\n\u00c9s molt leg\u00edtim que, en abstracte, els sindicats s\u2019oposin a qualsevol \u00abretallada dels drets dels treballadors\u00bb i que, en termes pol\u00edtics, el Govern es negui que siguin els treballadors els que carreguin amb el pes principal d\u2019una recessi\u00f3 que t\u00e9 l\u2019origen \u00faltim en les disfuncions del sistema financer. No obstant, resulta inevitable enunciar la paradoxa que implica aquesta posici\u00f3: la defensa a ultran\u00e7a de les condicions laborals dels que disfruten d\u2019un contracte laboral indefinit\u00a0\u2013amb una indemnitzaci\u00f3 per acomiadament de 45 dies en general i de 33 dies en els col\u00b7lectius de dif\u00edcil inserci\u00f3\u2013 situa en una posici\u00f3 molt vulnerable tots els treballadors temporals i genera dificultats addicionals d\u2019ocupabilitat als aturats. Aquesta evid\u00e8ncia d\u00f3na la ra\u00f3 als que asseguren que els sindicats actuals, cada vegada m\u00e9s burocratitzats, constitueixen el\u00a0<em>lobby<\/em> dels treballadors amb ocupaci\u00f3 de qualitat, els interessos del qual estan en realitat en oposici\u00f3 als dels que s\u00f3n a l\u2019atur o en una situaci\u00f3 prec\u00e0ria en el mercat laboral.<\/p>\n<p>El nostre sistema de relacions laborals \u00e9s, a m\u00e9s a m\u00e9s, un dels menys flexibles de la Uni\u00f3 Europea, on, per cert, ja s\u2019han assajat f\u00f3rmules de\u00a0<em>flexiseguretat<\/em> que, sense reduir drets laborals, estan aportant la flexibilitat necess\u00e0ria als mercats. No tindria sentit, doncs, que aqu\u00ed ens encastell\u00e9ssim en models arcaics per alguna anacr\u00f2nica pru\u00efja ideol\u00f2gica quan ha de ser possible<br \/>\n\u2013sembla\u2013 trobar camins capa\u00e7os de conciliar els diversos objectius: una r\u00e0pida recuperaci\u00f3 de l\u2019ocupaci\u00f3, el manteniment d\u2019una potent cobertura social, la reducci\u00f3 de la temporalitat i la flexibilitat que permeti acomodar l\u2019oferta a la demanda.<br \/>\nPotser haur\u00edem d\u2019acceptar resignadament que la recessi\u00f3 ens ha empobrit a tots, de manera que ens hem d\u2019adaptar a la nova situaci\u00f3. Els treballadors amb feina estable, cedint una m\u00ednima part de la seva estabilitat als desocupats; els empresaris, resignant part dels seus beneficis a una r\u00e0pida recuperaci\u00f3 de l\u2019activitat; tots nosaltres, portant a terme un esfor\u00e7 de racionalitat perqu\u00e8 la pol\u00edtica trobi els millors camins per reconduir el pa\u00eds cap a la prosperitat.<\/p>\n<div style=\"padding-top:0px;\t\r\npadding-right:0px;\r\npadding-bottom:0px;\r\npadding-left:0px;\r\nmargin-top:0px;\r\nmargin-right:0px;\r\nmargin-bottom:0px;\r\nmargin-left:0px;\"><a href=\"https:\/\/twitter.com\/share\" class=\"twitter-share-button\" \r\n\t\t\t\t        data-url=\"https:\/\/www.jvila.cat\/ca\/?p=84\" \r\n\t\t\t\t        data-via=\"joanvilallanars\"\r\n\t\t\t\t\t    data-text=\"Tuiteja\"\r\n\t\t\t\t\t    data-related=\"\"\r\n\t\t\t\t\t    data-count=\"horizontal\"\r\n\t\t\t\t\t    data-hashtags=\"\"\r\n\t\t\t\t\t    data-lang=\"ca_CA\"\r\n\t\t\t\t\t    data-counturl=\"\"\r\n\t\t\t\t\t    data-size=\"medium\"\r\n\t\t\t\t\t    data-dnt=\"false\"\t> Tweet <\/a> <\/div>\r\n\t\t                <script>\r\n\t\t\t\t\t    !function(d,s,id) {\r\n\t\t\t\t\t      var js,fjs=d.getElementsByTagName(s)[0];\r\n\t\t\t\t\t      if(!d.getElementById(id)) {\r\n\t\t\t\t\t       js=d.createElement(s);js.id=id;js.src=\"https:\/\/platform.twitter.com\/widgets.js\";fjs.parentNode.insertBefore(js,fjs);\r\n\t\t\t\t\t      }\r\n\t\t\t\t\t    }\r\n\t\t\t\t\t   (document,\"script\",\"twitter-wjs\");\r\n\t\t\t\t\t    <\/script>","protected":false},"excerpt":{"rendered":"<p>Miguel \u00c1ngel Fern\u00e1ndez Ord\u00f3\u00f1ez no \u00e9s un liberal doctrinari ni molt menys un economista reaccionari. Professional progressista i de prestigi, secretari d\u2019Estat amb\u00a0Gonz\u00e1lez i amb\u00a0Rodr\u00edguez Zapatero, el seu pas al consell del Banc d\u2019Espanya, primer, i al c\u00e0rrec de governador en substituci\u00f3 de\u00a0Jaime Caruana, despr\u00e9s, va ser durament criticat pel PP per l\u2019\u00abalt perfil pol\u00edtic del personatge\u00bb. La principal for\u00e7a opositora tenia ra\u00f3 al protestar pel fet que l\u2019Executiu socialista no busqu\u00e9s aquesta vegada el consens. Atesa aquesta biografia de&#8230;<\/p>\n<p class=\"read-more\"><a class=\"btn btn-default\" href=\"https:\/\/www.jvila.cat\/ca\/?p=84\">Llegeix l&#8217;article<span class=\"screen-reader-text\"> Llegeix l&#8217;article<\/span><\/a><\/p>\n","protected":false},"author":1,"featured_media":0,"comment_status":"open","ping_status":"open","sticky":false,"template":"","format":"standard","meta":{"footnotes":""},"categories":[1],"tags":[],"class_list":["post-84","post","type-post","status-publish","format-standard","hentry","category-opinio"],"_links":{"self":[{"href":"https:\/\/www.jvila.cat\/ca\/index.php?rest_route=\/wp\/v2\/posts\/84","targetHints":{"allow":["GET"]}}],"collection":[{"href":"https:\/\/www.jvila.cat\/ca\/index.php?rest_route=\/wp\/v2\/posts"}],"about":[{"href":"https:\/\/www.jvila.cat\/ca\/index.php?rest_route=\/wp\/v2\/types\/post"}],"author":[{"embeddable":true,"href":"https:\/\/www.jvila.cat\/ca\/index.php?rest_route=\/wp\/v2\/users\/1"}],"replies":[{"embeddable":true,"href":"https:\/\/www.jvila.cat\/ca\/index.php?rest_route=%2Fwp%2Fv2%2Fcomments&post=84"}],"version-history":[{"count":1,"href":"https:\/\/www.jvila.cat\/ca\/index.php?rest_route=\/wp\/v2\/posts\/84\/revisions"}],"predecessor-version":[{"id":85,"href":"https:\/\/www.jvila.cat\/ca\/index.php?rest_route=\/wp\/v2\/posts\/84\/revisions\/85"}],"wp:attachment":[{"href":"https:\/\/www.jvila.cat\/ca\/index.php?rest_route=%2Fwp%2Fv2%2Fmedia&parent=84"}],"wp:term":[{"taxonomy":"category","embeddable":true,"href":"https:\/\/www.jvila.cat\/ca\/index.php?rest_route=%2Fwp%2Fv2%2Fcategories&post=84"},{"taxonomy":"post_tag","embeddable":true,"href":"https:\/\/www.jvila.cat\/ca\/index.php?rest_route=%2Fwp%2Fv2%2Ftags&post=84"}],"curies":[{"name":"wp","href":"https:\/\/api.w.org\/{rel}","templated":true}]}}