{"id":33,"date":"2010-03-21T11:13:17","date_gmt":"2010-03-21T09:13:17","guid":{"rendered":"http:\/\/74.53.186.210\/~jvilacat\/ca\/?p=33"},"modified":"2010-03-28T19:46:30","modified_gmt":"2010-03-28T17:46:30","slug":"33","status":"publish","type":"post","link":"https:\/\/www.jvila.cat\/ca\/?p=33","title":{"rendered":"Tots contra Endesa, un desprop\u00f2sit"},"content":{"rendered":"<p><object classid=\"clsid:d27cdb6e-ae6d-11cf-96b8-444553540000\" width=\"530\" height=\"319\" codebase=\"http:\/\/download.macromedia.com\/pub\/shockwave\/cabs\/flash\/swflash.cab#version=6,0,40,0\"><param name=\"allowFullScreen\" value=\"true\" \/><param name=\"allowScriptAccess\" value=\"always\" \/><param name=\"src\" value=\"http:\/\/www.youtube.com\/v\/vzq4Svx2x4I&amp;color1=0xb1b1b1&amp;color2=0xcfcfcf&amp;hl=en_US&amp;feature=player_embedded&amp;fs=1\" \/><param name=\"allowfullscreen\" value=\"true\" \/><embed type=\"application\/x-shockwave-flash\" width=\"530\" height=\"319\" src=\"http:\/\/www.youtube.com\/v\/vzq4Svx2x4I&amp;color1=0xb1b1b1&amp;color2=0xcfcfcf&amp;hl=en_US&amp;feature=player_embedded&amp;fs=1\" allowscriptaccess=\"always\" allowfullscreen=\"true\"><\/embed><\/object><\/p>\n<p>Vagi per endavant que a la feina tamb\u00e9 tinc conflictes amb Endesa. Alguns s\u00f3n de caire comercial i altres de caire t\u00e8cnic, tots ells molt seriosos. Endesa \u00e9s una companyia desballestada, sense rumb des de fa quatre anys quan Gas Natural va presentar l&#8217;opa. \u00c9s una companyia que intenta retrobar el seu lloc, sobrevivint amb el fet d&#8217;haver de generar prou tresoreria per cobrir les inversions dels accionistes que la van comprar a un preu excessivament car. La companyia que resulti del proc\u00e9s no ser\u00e0 res del que havia estat, trossejada per tot arreu. Tot i que ha fet una renovaci\u00f3 a fons dels treballadors, encara conserva tics de monopoli, cosa que li passa factura amb p\u00e8rdua de mercat. Dimarts corrien per Sant Gregori cinc comercials d&#8217;Iberdrola per pescar clients emprenyats d&#8217;Endesa. Canviar de companyia quan un no es troba c\u00f2mode \u00e9s una bona sortida.<\/p>\n<p>Dit aix\u00f2 no em sembla just el judici sumar\u00edssim que la societat catalana li est\u00e0 fent. Una gran quantitat de periodistes, pol\u00edtics i tertulians han abocat al debat un c\u00famul immens de bajanades sense cap fonament que, aix\u00f2 s\u00ed, ha acontentat el p\u00fablic. Era el que la gent volia escoltar, \u00e9s la catarsi despr\u00e9s de la nevada, la pe\u00e7a expiat\u00f2ria sobre la que hem de treure les angoixes. La base de la culpa que s&#8217;atribueix a Endesa \u00e9s que les l\u00ednies han caigut i que no ho havien de fer. Sobre aquesta base s&#8217;ha comen\u00e7at a dir que les l\u00ednies eren velles, que no hi havia manteniment, que no invertien, que els materials de les torres no eren habituals en altres companyies, diu Joan Boada (b\u00e9, Joan, vas b\u00e9), i s&#8217;han comen\u00e7at a fer propostes inversemblants com la que s&#8217;ha de nacionalitzar l&#8217;empresa, que s&#8217;ha de deixar de pagar les factures,&#8230; una bola que s&#8217;ha anat fent gran a mesura que passava el temps i m\u00e9s gent opinava.<\/p>\n<p><!--more--><\/p>\n<p>Penso que \u00e9s hora de posar una mica de seny a tanta rauxa. En primer lloc ning\u00fa ha dit que una torre, per ser vella, ha de ser deficient o inh\u00e0bil. El material el\u00e8ctric \u00e9s un material que t\u00e9 molta vida i un baix manteniment. Si no ens pogu\u00e9ssim fiar de les coses velles no entrar\u00edem a la catedral de Girona o far\u00edem enderrocar les preses de Sau i de Susqueda. Molta part de la xarxa que ha caigut t\u00e9 m\u00e9s de 20 anys i ha suportat altres nevades, com la del 1986 i la del 2001. Per tant \u00e9s una xarxa que hist\u00f2ricament havia demostrat la seva v\u00e0lua. El segon argument \u00e9s el del manteniment, un dient que havia vist el cable sense funda, un altre que havia vist una torre rovellada,&#8230; pot ser que alg\u00fa tingui ra\u00f3, que hi hagi un pal amb el galvanitzat en mal estat, per\u00f2 aix\u00f2 no explicaria la caiguda de 900 torres, tant si s\u00f3n met\u00e0l\u00b7liques, de formig\u00f3 o de fusta. \u00c9s impossible que absolutament tot el material fos dolent. S&#8217;haur\u00e0 d&#8217;esperar la finalitzaci\u00f3 de l&#8217;expedient investigador de la Generalitat per veure l&#8217;estat del material. El tercer argument \u00e9s el d&#8217;emprar materials inadequats, fet que tamb\u00e9 es veur\u00e0 amb l&#8217;expedient obert.<\/p>\n<p>Hi ha qui opina que si l&#8217;empresa fos p\u00fablica, aix\u00f2 no hauria passat. Doncs b\u00e9, la totalitat de la xarxa que ha caigut la va aixecar l&#8217;empresa p\u00fablica Enher, privatitzada per Josep Piqu\u00e9 a partir de l&#8217;any 1996. \u00c9s conegut que la xarxa d&#8217;Enher a Girona tenia millor qualitat que la de l&#8217;empresa privada Fecsa a Barcelona. Molta gent que opina barreja les informacions entre ambdues xarxes. Em sorpr\u00e8n veure com tothom culpa Endesa de la caiguda de 900 torres en un espai relativament petit, i a canvi trobi normal que hagi caigut una quantitat enorme d&#8217;arbres al bosc (un bombardeig, diuen). \u00c9s com si la culpa al bosc s&#8217;hagu\u00e9s d&#8217;imputar als forestals perqu\u00e8 no deixen aclarir els arbres. No t\u00e9 sentit. Ning\u00fa vol veure que la nevada va sobrepassar el pes que els t\u00e8cnics posem com a hip\u00f2tesi en el c\u00e0lcul d&#8217;estructures. La normativa que fem servir la defineix l&#8217;Administraci\u00f3 (que no els pol\u00edtics) i deriva de l&#8217;experi\u00e8ncia. \u00c9s evident, doncs, que a conseq\u00fc\u00e8ncia d&#8217;aquesta nevada s&#8217;ha de revisar aquest protocol, no nom\u00e9s per les l\u00ednies el\u00e8ctriques, sin\u00f3 tamb\u00e9 pels altres elements constructius (haurem de seguir l&#8217;afer del pavell\u00f3 de Quart). Insisteixo que cal esperar el resultat de l&#8217;expedient sobre Endesa per treure conclusions.<\/p>\n<p>Mentrestant, us vull fer reflexionar sobre l&#8217;\u00edndex de qualitat el\u00e8ctrica que fem servir en aquest sector. Es diu Tiepi (temps d&#8217;interrupci\u00f3 equivalent de la pot\u00e8ncia instal\u00b7lada en mitja tensi\u00f3). \u00c9s un \u00edndex objectiu que es crea a partir de registres de les l\u00ednies i el calcula el departament d&#8217;energia de la Generalitat. Aquest \u00edndex, mesurat en minuts per a tot Catalunya, \u00e9s un \u00edndex que ha millorat des de 6,22 minuts a l&#8217;any 1991 fins els 1,13 minuts per l&#8217;any 2008. L&#8217;evoluci\u00f3 positiva de la qualitat el\u00e8ctrica \u00e9s evident i no es pot fer si la xarxa \u00e9s de mala qualitat i t\u00e9 problemes continuats. I a les comarques de Girona? Tamb\u00e9 \u00e9s bo, havent-hi totes les comarques amb el Tiepi per sota la mitjana de Catalunya. En el cas que la Generalitat hagi d&#8217;acceptar que l&#8217;episodi de la nevada \u00e9s fruit d&#8217;un fet de for\u00e7a major, Endesa no ha de fer res? Penso que s\u00ed. Endesa ha de fer un acte de desgreuge amb els seus clients. Podria ser acceptar no cobrar el rebut del mes de mar\u00e7 o una soluci\u00f3 de descompte per al proper any. Endesa ha tingut el punt flac en aquest episodi en la informaci\u00f3 sobre l&#8217;estat de la recuperaci\u00f3 del subministrament. Per\u00f2, en un m\u00f3n de desagra\u00efts, deixeu-me que en nom de tots ells agraeixi el treball dur dels m\u00e9s de 1.500 operaris externs i dels m\u00e9s de 500 treballadors de la companyia el\u00e8ctrica que han fet possible recuperar la connexi\u00f3 en un temps relativament curt per la magnitud del desastre viscut. Ara veurem quants mesos o anys tardarem a recuperar la normalitat als boscos abatuts.<\/p>\n<div style=\"padding-top:0px;\t\r\npadding-right:0px;\r\npadding-bottom:0px;\r\npadding-left:0px;\r\nmargin-top:0px;\r\nmargin-right:0px;\r\nmargin-bottom:0px;\r\nmargin-left:0px;\"><a href=\"https:\/\/twitter.com\/share\" class=\"twitter-share-button\" \r\n\t\t\t\t        data-url=\"https:\/\/www.jvila.cat\/ca\/?p=33\" \r\n\t\t\t\t        data-via=\"joanvilallanars\"\r\n\t\t\t\t\t    data-text=\"Tuiteja\"\r\n\t\t\t\t\t    data-related=\"\"\r\n\t\t\t\t\t    data-count=\"horizontal\"\r\n\t\t\t\t\t    data-hashtags=\"\"\r\n\t\t\t\t\t    data-lang=\"ca_CA\"\r\n\t\t\t\t\t    data-counturl=\"\"\r\n\t\t\t\t\t    data-size=\"medium\"\r\n\t\t\t\t\t    data-dnt=\"false\"\t> Tweet <\/a> <\/div>\r\n\t\t                <script>\r\n\t\t\t\t\t    !function(d,s,id) {\r\n\t\t\t\t\t      var js,fjs=d.getElementsByTagName(s)[0];\r\n\t\t\t\t\t      if(!d.getElementById(id)) {\r\n\t\t\t\t\t       js=d.createElement(s);js.id=id;js.src=\"https:\/\/platform.twitter.com\/widgets.js\";fjs.parentNode.insertBefore(js,fjs);\r\n\t\t\t\t\t      }\r\n\t\t\t\t\t    }\r\n\t\t\t\t\t   (document,\"script\",\"twitter-wjs\");\r\n\t\t\t\t\t    <\/script>","protected":false},"excerpt":{"rendered":"<p>Vagi per endavant que a la feina tamb\u00e9 tinc conflictes amb Endesa. Alguns s\u00f3n de caire comercial i altres de caire t\u00e8cnic, tots ells molt seriosos. Endesa \u00e9s una companyia desballestada, sense rumb des de fa quatre anys quan Gas Natural va presentar l&#8217;opa. \u00c9s una companyia que intenta retrobar el seu lloc, sobrevivint amb el fet d&#8217;haver de generar prou tresoreria per cobrir les inversions dels accionistes que la van comprar a un preu excessivament car. La companyia que&#8230;<\/p>\n<p class=\"read-more\"><a class=\"btn btn-default\" href=\"https:\/\/www.jvila.cat\/ca\/?p=33\">Llegeix l&#8217;article<span class=\"screen-reader-text\"> Llegeix l&#8217;article<\/span><\/a><\/p>\n","protected":false},"author":1,"featured_media":0,"comment_status":"open","ping_status":"open","sticky":false,"template":"","format":"standard","meta":{"footnotes":""},"categories":[1],"tags":[],"class_list":["post-33","post","type-post","status-publish","format-standard","hentry","category-opinio"],"_links":{"self":[{"href":"https:\/\/www.jvila.cat\/ca\/index.php?rest_route=\/wp\/v2\/posts\/33","targetHints":{"allow":["GET"]}}],"collection":[{"href":"https:\/\/www.jvila.cat\/ca\/index.php?rest_route=\/wp\/v2\/posts"}],"about":[{"href":"https:\/\/www.jvila.cat\/ca\/index.php?rest_route=\/wp\/v2\/types\/post"}],"author":[{"embeddable":true,"href":"https:\/\/www.jvila.cat\/ca\/index.php?rest_route=\/wp\/v2\/users\/1"}],"replies":[{"embeddable":true,"href":"https:\/\/www.jvila.cat\/ca\/index.php?rest_route=%2Fwp%2Fv2%2Fcomments&post=33"}],"version-history":[{"count":4,"href":"https:\/\/www.jvila.cat\/ca\/index.php?rest_route=\/wp\/v2\/posts\/33\/revisions"}],"predecessor-version":[{"id":56,"href":"https:\/\/www.jvila.cat\/ca\/index.php?rest_route=\/wp\/v2\/posts\/33\/revisions\/56"}],"wp:attachment":[{"href":"https:\/\/www.jvila.cat\/ca\/index.php?rest_route=%2Fwp%2Fv2%2Fmedia&parent=33"}],"wp:term":[{"taxonomy":"category","embeddable":true,"href":"https:\/\/www.jvila.cat\/ca\/index.php?rest_route=%2Fwp%2Fv2%2Fcategories&post=33"},{"taxonomy":"post_tag","embeddable":true,"href":"https:\/\/www.jvila.cat\/ca\/index.php?rest_route=%2Fwp%2Fv2%2Ftags&post=33"}],"curies":[{"name":"wp","href":"https:\/\/api.w.org\/{rel}","templated":true}]}}