{"id":25,"date":"2010-03-14T11:05:06","date_gmt":"2010-03-14T09:05:06","guid":{"rendered":"http:\/\/74.53.186.210\/~jvilacat\/ca\/?p=25"},"modified":"2010-03-28T19:49:36","modified_gmt":"2010-03-28T17:49:36","slug":"la-gran-nevada","status":"publish","type":"post","link":"https:\/\/www.jvila.cat\/ca\/?p=25","title":{"rendered":"La gran nevada"},"content":{"rendered":"<p><object classid=\"clsid:d27cdb6e-ae6d-11cf-96b8-444553540000\" width=\"530\" height=\"319\" codebase=\"http:\/\/download.macromedia.com\/pub\/shockwave\/cabs\/flash\/swflash.cab#version=6,0,40,0\"><param name=\"allowFullScreen\" value=\"true\" \/><param name=\"allowScriptAccess\" value=\"always\" \/><param name=\"src\" value=\"http:\/\/www.youtube.com\/v\/a3_nqMdlqVo&amp;color1=0xb1b1b1&amp;color2=0xcfcfcf&amp;hl=en_US&amp;feature=player_embedded&amp;fs=1\" \/><param name=\"allowfullscreen\" value=\"true\" \/><embed type=\"application\/x-shockwave-flash\" width=\"530\" height=\"319\" src=\"http:\/\/www.youtube.com\/v\/a3_nqMdlqVo&amp;color1=0xb1b1b1&amp;color2=0xcfcfcf&amp;hl=en_US&amp;feature=player_embedded&amp;fs=1\" allowscriptaccess=\"always\" allowfullscreen=\"true\"><\/embed><\/object><\/p>\n<p>Divendres de la setmana passada escolto la previsi\u00f3 meteorol\u00f2gica dient que arriba una nevada per diumenge i dilluns. Dissabte escric al Facebook que els meteor\u00f2legs s&#8217;equivoquen i que diumenge podem anar a muntanya, perqu\u00e8 no \u00e9s certa la previsi\u00f3 de nevada per a les 12 del migdia. Diumenge a la tarda escric tamb\u00e9 que dilluns caur\u00e0 un paquet de neu important. Dilluns al mat\u00ed a Girona neva a 1\u00baC. Mirem a la web del Consell Comarcal si hi ha transport escolar i s\u00ed, n&#8217;hi ha. Amb la meva germana decidim anar a Barcelona a una reuni\u00f3 important. A les 11 truca el meu fill dient que surten de l&#8217;institut i que els porten a casa. A 2\/4 de 3 la meva dona telefona dient que la nevada \u00e9s com la de l&#8217;any 1986.<\/p>\n<p>El radar mostra la Garrotxa i el Giron\u00e8s sota la tempesta i per la webcam es veu que a Besal\u00fa nom\u00e9s plou. Cerquem informaci\u00f3 amb el m\u00f2bil a la web d&#8217;autopistes i no hi podem entrar perqu\u00e8 \u00e9s feta en flash (disseny erroni, no admet m\u00f2bils). A les 3 decidim sortir de Barcelona i apropar-nos a casa. A la sortida de Granollers els Mossos deriven els camions fora l&#8217;autopista. El resultat \u00e9s una cua de 8 km, fins a les 4. Despr\u00e9s de Granollers quedem quatre cotxes. Neva fort, per\u00f2 amb aigua. Em pregunto per qu\u00e8 els mossos no em demanen si porto cadenes. Decidim aturar-nos a l&#8217;\u00e0rea del Montseny a l&#8217;espera que amaini. A l&#8217;\u00e0rea no hi ha alimentaci\u00f3 el\u00e8ctrica i nom\u00e9s un grup generador, sense calefacci\u00f3. Per TV3 seguim Joan Boada dient que la nevada \u00e9s excepcional. Penso, &#8230;per un home excepcional.<\/p>\n<p><!--more--><\/p>\n<p>A la f\u00e0brica diuen que hi ha molts problemes de tensi\u00f3 el\u00e8ctrica i que han de parar. La gent es posa nerviosa per poder arribar a casa seva i s&#8217;atura definitivament la producci\u00f3, tan sols es mant\u00e9 un equip de reserva. A les 7 veiem que deixa de nevar i que es comen\u00e7a a fondre la neu. Tot i que en Francesc Mauri diu que tornar\u00e0 a nevar, el radar ensenya que la tempesta es retira. Decidim menjar, emplenar el dip\u00f2sit del cotxe i fer via cap a Ma\u00e7anet, on sabem que l&#8217;autopista est\u00e0 tallada per la caiguda d&#8217;un cable. Des de l&#8217;\u00e0rea del Montseny fins a Ma\u00e7anet la carretera est\u00e0 neta, sense neu i no hi circula cap cotxe, nom\u00e9s nosaltres. A Ma\u00e7anet sortim cap a la N-II i comencem a veure el desastre. El primer tap \u00e9s a Sils, que es resol a partir de les 10. M\u00e9s enll\u00e0 veiem una m\u00e0quina llevaneus estimbada en una cuneta. Per\u00f2 no gaire lluny trobem un altre tap a Caldes, on s&#8217;acaba l&#8217;autovia, que dura fins les 2 de la nit. Em sorpr\u00e8n veure com els vehicles ocupen els dos carrils de la N-II posats en la mateixa direcci\u00f3 i em demano com pensen que han de circular els cotxes que han de venir en direcci\u00f3 contr\u00e0ria i com volen que passin els equips d&#8217;emerg\u00e8ncia.<\/p>\n<p>Aquesta reacci\u00f3, inc\u00edvica total, \u00e9s en part culpable dels taps que s&#8217;originen. Ho comento amb un mosso, que em d\u00f3na la ra\u00f3. Travessem Girona a les fosques, sense cotxes i amb grups de sem\u00e0fors que van i altres que no. Arribo a les 3 a casa i abans he hagut de passar per sobre d&#8217;un cable d&#8217;alta tensi\u00f3 a l&#8217;entrada de Sant Gregori. Tot a les fosques. Dimarts vaig a Besal\u00fa superant els obstacles a la carretera, semblants als de l&#8217;any 1986. Escolto Joan Boada dir que l&#8217;autopista s&#8217;obrir\u00e0 a 2\/4 de 10 i que el prefecte de Perpiny\u00e0 no \u00e9s perfecte. B\u00e9 Joan, vas b\u00e9! A Besal\u00fa engeguem les dues m\u00e0quines a mig mat\u00ed i restablim totalment la normalitat. Tornant a casa a la tarda escolto dir al conseller Joan Saura que ells ja havien avisat de la nevada i que la gent no n&#8217;havia fet cas. Pilotes fora. La f\u00e0brica Torras a Sarri\u00e0 encara est\u00e0 aturada i la Nestl\u00e9 ja s&#8217;ha posat en marxa. Sant Gregori est\u00e0 a les fosques, fet que ens va obligar a ficar-nos al llit a les 9 per no tenir fred. Dimecres al mat\u00ed la temperatura exterior \u00e9s de -3\u00baC mentre que a l&#8217;interior de casa la temperatura aguanta fins als 14\u00baC, suportable. La web del consell comarcal diu que hi ha transport fins a l&#8217;Institut i al vespre l&#8217;electricitat arriba a casa.<\/p>\n<p>Hi ha moltes conclusions a treure en tot aquest episodi que s&#8217;ha allargat massa dies en moltes llars i empreses. Ja he escrit que s&#8217;han de redissenyar les l\u00ednies, insuficients per aguantar una nevada humida com aquesta. Tamb\u00e9 que cal insistir en la MAT i en els nous nodes d&#8217;alta tensi\u00f3, diguin el que diguin els contraris. Per\u00f2 hi ha altres aspectes en els quals cal pensar. Per qu\u00e8 la gent no va creure la previsi\u00f3 meteorol\u00f2gica? Segurament perqu\u00e8 li falta credibilitat. Les previsions a sis dies vista, sovint errades, no ajuden a guanyar solv\u00e8ncia. Falta precisi\u00f3 sobre el territori, com el fet de dir que nevaria a les 12 de diumenge, cosa que devia ser certa a les Terres de l&#8217;Ebre, per\u00f2 no al Pirineu. Va faltar una credibilitat que l&#8217;administraci\u00f3 no es va fer seva, ja que en cas contrari el transport escolar no hauria sortit. El missatge de dir que no se surti si no era necessari va ser incomplet: s&#8217;hauria d&#8217;haver insistit que, si se surt, el cotxe ha de portar cadenes, el dip\u00f2sit ple, roba d&#8217;abric, sabates adequades i alguna cosa per menjar. Em molesta l&#8217;incivisme al volant. No entenc aix\u00f2 de posar-se al carril contrari quan hi ha neu. Tampoc entenc per qu\u00e8 s&#8217;ha d&#8217;esperar que es retiri un cable d&#8217;alta tensi\u00f3 per poder passar per sobre. Si s&#8217;assegura que deixa d&#8217;haver-hi tensi\u00f3 no passa res per creuar un cable, jo ho vaig fer a Sant Gregori.<\/p>\n<p>L&#8217;autopista no es va poder netejar per aix\u00f2 i va complicar la situaci\u00f3. No entenc el retard en aturar els camions, molts quil\u00f2metres enrere. Si era clara la previsi\u00f3 s&#8217;havia de prohibir el transport de camions molt abans de Catalunya, evitant l&#8217;acumulaci\u00f3 dels 11.000 camions diaris cap a Fran\u00e7a. Finalment cal revisar la import\u00e0ncia que l&#8217;electricitat t\u00e9 en la nostra vida. Escolto dir tamb\u00e9 a Joan Boada (ha parlat tant que ha pogut ensenyar la seva v\u00e0lua) que, si el problema \u00e9s que s&#8217;ha d&#8217;apujar el preu de l&#8217;electricitat per tenir millor infraestructura, s&#8217;ha de fer. Tanta hipocresia emprenya. Ell, que ha frenat pel davant i pel darrere qualsevol infraestructura el\u00e8ctrica, ara diu aix\u00f2? S\u00ed senyor Boada, s\u00ed. Les cases gasten tant en ADSL com en electricitat, i no es pot comparar el seu valor. Fa anys que s&#8217;inventen teories en contra de l&#8217;electricitat en xarxa, fa tant temps que s&#8217;actua contra les l\u00ednies, que fastigueja sentir als seus mentors que s&#8217;ha de fer el contrari del que ells han dit sempre, o carregar contra les empreses a les quals ells impedeixen fer la seva feina. Llegeixo que Joan Puigcerc\u00f3s diu que s&#8217;ha de desvincular la nevada de la MAT&#8230;<\/p>\n<div style=\"padding-top:0px;\t\r\npadding-right:0px;\r\npadding-bottom:0px;\r\npadding-left:0px;\r\nmargin-top:0px;\r\nmargin-right:0px;\r\nmargin-bottom:0px;\r\nmargin-left:0px;\"><a href=\"https:\/\/twitter.com\/share\" class=\"twitter-share-button\" \r\n\t\t\t\t        data-url=\"https:\/\/www.jvila.cat\/ca\/?p=25\" \r\n\t\t\t\t        data-via=\"joanvilallanars\"\r\n\t\t\t\t\t    data-text=\"Tuiteja\"\r\n\t\t\t\t\t    data-related=\"\"\r\n\t\t\t\t\t    data-count=\"horizontal\"\r\n\t\t\t\t\t    data-hashtags=\"\"\r\n\t\t\t\t\t    data-lang=\"ca_CA\"\r\n\t\t\t\t\t    data-counturl=\"\"\r\n\t\t\t\t\t    data-size=\"medium\"\r\n\t\t\t\t\t    data-dnt=\"false\"\t> Tweet <\/a> <\/div>\r\n\t\t                <script>\r\n\t\t\t\t\t    !function(d,s,id) {\r\n\t\t\t\t\t      var js,fjs=d.getElementsByTagName(s)[0];\r\n\t\t\t\t\t      if(!d.getElementById(id)) {\r\n\t\t\t\t\t       js=d.createElement(s);js.id=id;js.src=\"https:\/\/platform.twitter.com\/widgets.js\";fjs.parentNode.insertBefore(js,fjs);\r\n\t\t\t\t\t      }\r\n\t\t\t\t\t    }\r\n\t\t\t\t\t   (document,\"script\",\"twitter-wjs\");\r\n\t\t\t\t\t    <\/script>","protected":false},"excerpt":{"rendered":"<p>Divendres de la setmana passada escolto la previsi\u00f3 meteorol\u00f2gica dient que arriba una nevada per diumenge i dilluns. Dissabte escric al Facebook que els meteor\u00f2legs s&#8217;equivoquen i que diumenge podem anar a muntanya, perqu\u00e8 no \u00e9s certa la previsi\u00f3 de nevada per a les 12 del migdia. Diumenge a la tarda escric tamb\u00e9 que dilluns caur\u00e0 un paquet de neu important. Dilluns al mat\u00ed a Girona neva a 1\u00baC. Mirem a la web del Consell Comarcal si hi ha transport&#8230;<\/p>\n<p class=\"read-more\"><a class=\"btn btn-default\" href=\"https:\/\/www.jvila.cat\/ca\/?p=25\">Llegeix l&#8217;article<span class=\"screen-reader-text\"> Llegeix l&#8217;article<\/span><\/a><\/p>\n","protected":false},"author":1,"featured_media":0,"comment_status":"open","ping_status":"open","sticky":false,"template":"","format":"standard","meta":{"footnotes":""},"categories":[1],"tags":[],"class_list":["post-25","post","type-post","status-publish","format-standard","hentry","category-opinio"],"_links":{"self":[{"href":"https:\/\/www.jvila.cat\/ca\/index.php?rest_route=\/wp\/v2\/posts\/25","targetHints":{"allow":["GET"]}}],"collection":[{"href":"https:\/\/www.jvila.cat\/ca\/index.php?rest_route=\/wp\/v2\/posts"}],"about":[{"href":"https:\/\/www.jvila.cat\/ca\/index.php?rest_route=\/wp\/v2\/types\/post"}],"author":[{"embeddable":true,"href":"https:\/\/www.jvila.cat\/ca\/index.php?rest_route=\/wp\/v2\/users\/1"}],"replies":[{"embeddable":true,"href":"https:\/\/www.jvila.cat\/ca\/index.php?rest_route=%2Fwp%2Fv2%2Fcomments&post=25"}],"version-history":[{"count":4,"href":"https:\/\/www.jvila.cat\/ca\/index.php?rest_route=\/wp\/v2\/posts\/25\/revisions"}],"predecessor-version":[{"id":59,"href":"https:\/\/www.jvila.cat\/ca\/index.php?rest_route=\/wp\/v2\/posts\/25\/revisions\/59"}],"wp:attachment":[{"href":"https:\/\/www.jvila.cat\/ca\/index.php?rest_route=%2Fwp%2Fv2%2Fmedia&parent=25"}],"wp:term":[{"taxonomy":"category","embeddable":true,"href":"https:\/\/www.jvila.cat\/ca\/index.php?rest_route=%2Fwp%2Fv2%2Fcategories&post=25"},{"taxonomy":"post_tag","embeddable":true,"href":"https:\/\/www.jvila.cat\/ca\/index.php?rest_route=%2Fwp%2Fv2%2Ftags&post=25"}],"curies":[{"name":"wp","href":"https:\/\/api.w.org\/{rel}","templated":true}]}}