{"id":20,"date":"2010-03-07T10:59:19","date_gmt":"2010-03-07T08:59:19","guid":{"rendered":"http:\/\/74.53.186.210\/~jvilacat\/ca\/?p=20"},"modified":"2010-03-28T19:51:07","modified_gmt":"2010-03-28T17:51:07","slug":"se-necesita-una-economia-exportadora-de-william-chislett-en-el-pais","status":"publish","type":"post","link":"https:\/\/www.jvila.cat\/ca\/?p=20","title":{"rendered":"Se necesita una econom\u00eda exportadora, de William Chislett en El Pa\u00eds"},"content":{"rendered":"<p><object classid=\"clsid:d27cdb6e-ae6d-11cf-96b8-444553540000\" width=\"480\" height=\"385\" codebase=\"http:\/\/download.macromedia.com\/pub\/shockwave\/cabs\/flash\/swflash.cab#version=6,0,40,0\"><param name=\"allowFullScreen\" value=\"true\" \/><param name=\"allowscriptaccess\" value=\"always\" \/><param name=\"src\" value=\"http:\/\/www.youtube.com\/v\/OBl5iCt3TSM&amp;hl=es_ES&amp;fs=1&amp;\" \/><param name=\"allowfullscreen\" value=\"true\" \/><embed type=\"application\/x-shockwave-flash\" width=\"480\" height=\"385\" src=\"http:\/\/www.youtube.com\/v\/OBl5iCt3TSM&amp;hl=es_ES&amp;fs=1&amp;\" allowscriptaccess=\"always\" allowfullscreen=\"true\"><\/embed><\/object><\/p>\n<p style=\"text-align: left;\">Espa\u00f1a se encuentra en una encrucijada de su desarrollo econ\u00f3mico, ya no puede seguir por el mismo camino. El derrumbe del sector inmobiliario ha puesto brutalmente de manifiesto la cortedad de miras de un modelo excesivamente basado en la construcci\u00f3n. Ahora es m\u00e1s urgente que nunca elegir entre una econom\u00eda que contin\u00fae bas\u00e1ndose en el trabajo f\u00edsico (el uso intensivo de la mano de obra no cualificada) o en el mental (m\u00e1s apoyada en el conocimiento y m\u00e1s internacionalizada). A medio plazo, la primera crear\u00e1 m\u00e1s empleo, pero, como ha demostrado la recesi\u00f3n espa\u00f1ola con m\u00e1s claridad que la de ning\u00fan otro pa\u00eds de la UE, no es \u00e9sta una soluci\u00f3n duradera. El plan anticrisis del Gobierno, que prima la construcci\u00f3n con rebajas fiscales a la rehabilitaci\u00f3n de viviendas, no apunta al cambio del modelo productivo que Espa\u00f1a necesita.<\/p>\n<p>Est\u00e1 emp\u00edricamente demostrado que las empresas con m\u00e1s presencia internacional (es decir, las que exportan o adquieren compa\u00f1\u00edas en el exterior) crean m\u00e1s empleo estable y de mayor calidad en sus pa\u00edses de origen que las que operan \u00fanicamente en su mercado interno. En general, dichas empresas son de mayor tama\u00f1o para tener un mayor potencial, y, con el fin de sobrevivir, han de ser m\u00e1s productivas y competitivas. Con todo, el tama\u00f1o no es ni el primer ni el \u00fanico requisito para introducirse con \u00e9xito en los mercados internacionales. Muchas empresas peque\u00f1as han conseguido labrarse un espacio propio partiendo de su tecnolog\u00eda o de un buen modelo empresarial.<\/p>\n<p><!--more--><\/p>\n<p>Lo que hay que saber es si Espa\u00f1a es capaz de crear una econom\u00eda m\u00e1s internacionalizada. Observemos los datos. Entre 1988 y 2009, la aportaci\u00f3n de la demanda externa -no de la interna-, al crecimiento del PIB \u00fanicamente ha sido positiva en seis a\u00f1os (dos de ellos durante una recesi\u00f3n, 1993 y el pasado a\u00f1o, cuando las empresas, mimadas por el auge del mercado interno, se afanaron por vender m\u00e1s en el exterior). Las importaciones se vieron arrastradas y, unidas al escaso nivel de las exportaciones, hicieron que el d\u00e9ficit comercial llegara al 7,9% del PIB en 2008 y el d\u00e9ficit por cuenta corriente, al 9,5%.<\/p>\n<p>Dentro de las cinco econom\u00edas principales de la UE, las exportaciones de Espa\u00f1a son las de menor tama\u00f1o en relaci\u00f3n con el PIB (26,5% en 2008) y, en t\u00e9rminos per c\u00e1pita, tambi\u00e9n son de las m\u00e1s escasas de las naciones desarrolladas: 5.355 d\u00f3lares (3.917 euros) por persona en 2007, frente a los 34.453 d\u00f3lares (25.200 euros) de Holanda, los 16.175 (11.831) de Alemania y los 7.717 (5.644) de Reino Unido, seg\u00fan los \u00faltimos datos comparados del Banco Mundial.<\/p>\n<p>Por otra parte, las importaciones de Espa\u00f1a (el 32,4% del PIB) son las segundas m\u00e1s cuantiosas, despu\u00e9s de las alemanas. En 2009, la recesi\u00f3n redujo considerablemente el d\u00e9ficit comercial, pero en gran medida esto se debi\u00f3 al desplome de las importaciones.<\/p>\n<p>En t\u00e9rminos generales, cuanto m\u00e1s elevada es la aportaci\u00f3n de la demanda externa, m\u00e1s \u00e9xito tiene la econom\u00eda de un pa\u00eds. \u00bfDe d\u00f3nde va a venir el futuro crecimiento de la econom\u00eda espa\u00f1ola, y por ende la creaci\u00f3n de empleo, si no de la demanda externa?<\/p>\n<p>La Ley de Econom\u00eda Sostenible del Gobierno constituye un intento insuficiente de crear una estructura m\u00e1s productiva y m\u00e1s amparada en la demanda externa. Ni siquiera acomete la ardua tarea de mejorar el sistema educativo, cuyo escandaloso deterioro ha permitido la mediocre clase pol\u00edtica actual. Aqu\u00ed radica la piedra angular de una econom\u00eda m\u00e1s basada en el conocimiento que en el ladrillo y el mortero, y, por tanto, m\u00e1s capaz de internacionalizarse y de generar un mayor valor a\u00f1adido.<\/p>\n<p>Cuando casi uno de cada tres individuos de entre 18 y 24 a\u00f1os tienen como m\u00e1ximo la educaci\u00f3n obligatoria y no siguen en formaci\u00f3n; con malos resultados de lectura, matem\u00e1ticas y conocimiento cient\u00edfico en los informes PISA; con ninguna universidad situada entre las 150 mejores del mundo y un gasto en I+D muy por debajo de la media de los 27 miembros de la UE, para crear las condiciones necesarias para impulsar las exportaciones es preciso realizar un esfuerzo herc\u00faleo en la educaci\u00f3n, que ni siquiera se ha iniciado. Ser\u00e1 necesaria una d\u00e9cada para incrementar realmente el nivel educativo.<\/p>\n<p>No resulta, pues, sorprendente que los productos espa\u00f1oles de alta tecnolog\u00eda s\u00f3lo representen el 5% de las exportaciones manufactureras, situ\u00e1ndose casi en el nivel m\u00e1s bajo de la UE. S\u00ed lo es, en cambio, que esas deficiencias no hayan impedido la aparici\u00f3n de un n\u00facleo duro de multinacionales. El\u00a0<em>stock<\/em> de inversi\u00f3n directa espa\u00f1ola en el extranjero representaba el 37,5% del PIB a finales de 2008. Es decir, se hab\u00edan multiplicado por 12 desde 1990, siendo las m\u00e1s elevadas las de las grandes econom\u00edas de la UE.<\/p>\n<p>Sin su creciente y s\u00f3lido negocio internacional, los grandes bancos y empresas espa\u00f1oles hubieran generado muchos menos beneficios el a\u00f1o pasado. Gracias a ellas, el Ibex 35 subi\u00f3 casi un 30% en 2009 (hasta ocho puntos m\u00e1s que los \u00edndices de otros mercados europeos), aunque este indicador no es representativo ni de la situaci\u00f3n de todas las empresas registradas ni de la del contexto econ\u00f3mico, en general adverso, como se ha visto este a\u00f1o con la brusca ca\u00edda del Ibex.<\/p>\n<p>Siete proveedores de infraestructuras espa\u00f1oles se encuentran entre las 10 principales empresas del sector del transporte en el mundo. Durante 2009, sus negocios en el extranjero les permitieron compensar, en mayor o menor medida, el deterioro de su mercado interno. Las empresas, y no s\u00f3lo las m\u00e1s grandes, tienen un margen considerable de expansi\u00f3n en el exterior, sobre todo en Asia, que apenas han tocado.<\/p>\n<p>Estrechamente relacionadas con una mayor internacionalizaci\u00f3n de la econom\u00eda est\u00e1n la marca Espa\u00f1a y la imagen del pa\u00eds y de sus marcas en el exterior. Cuanto m\u00e1s conocida sea una marca y m\u00e1s positiva la imagen del pa\u00eds, m\u00e1s posibilidades habr\u00e1 de que los consumidores adquieran los productos y servicios de esa empresa.<\/p>\n<p>Un reciente y exhaustivo an\u00e1lisis comparado realizado por Young &amp; Rubicam (R&amp;Y) demuestra que Espa\u00f1a todav\u00eda se sigue considerando, en mayor o menor medida, un pa\u00eds de fiestas y siesta, y que sus productos y servicios, con algunas notables excepciones, suelen relacionarse con una imagen de escasa calidad y de niveles de innovaci\u00f3n, liderazgo y dinamismo escasos. Seg\u00fan R&amp;Y, el desaf\u00edo radica en alcanzar el equilibrio adecuado entre la pasi\u00f3n y la sociabilidad, principales elementos del ADN del pa\u00eds, y la alta calidad y la seriedad.<\/p>\n<p>En este sentido, ayudar\u00eda que Espa\u00f1a dispusiera de m\u00e1s diplom\u00e1ticos para fomentar los intereses del pa\u00eds (Reino Unido tiene 4.000 y Espa\u00f1a, unos 1.000; es decir, proporcionalmente su dotaci\u00f3n es mucho menor, ya que la poblaci\u00f3n espa\u00f1ola representa el 75% de la brit\u00e1nica, y su PIB se sit\u00faa en torno a tres tercios del de ese pa\u00eds).<\/p>\n<p>Otro paso positivo ser\u00eda constituir la Comisi\u00f3n de Diplomacia P\u00fablica que, anunciada por Jos\u00e9 Luis Rodr\u00edguez Zapatero en julio de 2008, no ha logrado despegar a\u00fan, en parte debido a restricciones presupuestarias.<\/p>\n<p>En este contexto, el esperpento de propuesta de la presidenta de la Comunidad de Madrid sobre el \u201cpatrimonio cultural\u201d de las corridas de toros nada ayuda -todo lo contrario- a mejorar la imagen de Espa\u00f1a en el exterior.<\/p>\n<p>Espa\u00f1a ha avanzado mucho en los \u00faltimos 35 a\u00f1os, pero no deber\u00eda resignarse a creer que no puede ir m\u00e1s all\u00e1. Quedarse parado no es una opci\u00f3n.<\/p>\n<div style=\"padding-top:0px;\t\r\npadding-right:0px;\r\npadding-bottom:0px;\r\npadding-left:0px;\r\nmargin-top:0px;\r\nmargin-right:0px;\r\nmargin-bottom:0px;\r\nmargin-left:0px;\"><a href=\"https:\/\/twitter.com\/share\" class=\"twitter-share-button\" \r\n\t\t\t\t        data-url=\"https:\/\/www.jvila.cat\/ca\/?p=20\" \r\n\t\t\t\t        data-via=\"joanvilallanars\"\r\n\t\t\t\t\t    data-text=\"Tuiteja\"\r\n\t\t\t\t\t    data-related=\"\"\r\n\t\t\t\t\t    data-count=\"horizontal\"\r\n\t\t\t\t\t    data-hashtags=\"\"\r\n\t\t\t\t\t    data-lang=\"ca_CA\"\r\n\t\t\t\t\t    data-counturl=\"\"\r\n\t\t\t\t\t    data-size=\"medium\"\r\n\t\t\t\t\t    data-dnt=\"false\"\t> Tweet <\/a> <\/div>\r\n\t\t                <script>\r\n\t\t\t\t\t    !function(d,s,id) {\r\n\t\t\t\t\t      var js,fjs=d.getElementsByTagName(s)[0];\r\n\t\t\t\t\t      if(!d.getElementById(id)) {\r\n\t\t\t\t\t       js=d.createElement(s);js.id=id;js.src=\"https:\/\/platform.twitter.com\/widgets.js\";fjs.parentNode.insertBefore(js,fjs);\r\n\t\t\t\t\t      }\r\n\t\t\t\t\t    }\r\n\t\t\t\t\t   (document,\"script\",\"twitter-wjs\");\r\n\t\t\t\t\t    <\/script>","protected":false},"excerpt":{"rendered":"<p>Espa\u00f1a se encuentra en una encrucijada de su desarrollo econ\u00f3mico, ya no puede seguir por el mismo camino. El derrumbe del sector inmobiliario ha puesto brutalmente de manifiesto la cortedad de miras de un modelo excesivamente basado en la construcci\u00f3n. Ahora es m\u00e1s urgente que nunca elegir entre una econom\u00eda que contin\u00fae bas\u00e1ndose en el trabajo f\u00edsico (el uso intensivo de la mano de obra no cualificada) o en el mental (m\u00e1s apoyada en el conocimiento y m\u00e1s internacionalizada). A&#8230;<\/p>\n<p class=\"read-more\"><a class=\"btn btn-default\" href=\"https:\/\/www.jvila.cat\/ca\/?p=20\">Llegeix l&#8217;article<span class=\"screen-reader-text\"> Llegeix l&#8217;article<\/span><\/a><\/p>\n","protected":false},"author":1,"featured_media":0,"comment_status":"open","ping_status":"open","sticky":false,"template":"","format":"standard","meta":{"footnotes":""},"categories":[1],"tags":[],"class_list":["post-20","post","type-post","status-publish","format-standard","hentry","category-opinio"],"_links":{"self":[{"href":"https:\/\/www.jvila.cat\/ca\/index.php?rest_route=\/wp\/v2\/posts\/20","targetHints":{"allow":["GET"]}}],"collection":[{"href":"https:\/\/www.jvila.cat\/ca\/index.php?rest_route=\/wp\/v2\/posts"}],"about":[{"href":"https:\/\/www.jvila.cat\/ca\/index.php?rest_route=\/wp\/v2\/types\/post"}],"author":[{"embeddable":true,"href":"https:\/\/www.jvila.cat\/ca\/index.php?rest_route=\/wp\/v2\/users\/1"}],"replies":[{"embeddable":true,"href":"https:\/\/www.jvila.cat\/ca\/index.php?rest_route=%2Fwp%2Fv2%2Fcomments&post=20"}],"version-history":[{"count":5,"href":"https:\/\/www.jvila.cat\/ca\/index.php?rest_route=\/wp\/v2\/posts\/20\/revisions"}],"predecessor-version":[{"id":61,"href":"https:\/\/www.jvila.cat\/ca\/index.php?rest_route=\/wp\/v2\/posts\/20\/revisions\/61"}],"wp:attachment":[{"href":"https:\/\/www.jvila.cat\/ca\/index.php?rest_route=%2Fwp%2Fv2%2Fmedia&parent=20"}],"wp:term":[{"taxonomy":"category","embeddable":true,"href":"https:\/\/www.jvila.cat\/ca\/index.php?rest_route=%2Fwp%2Fv2%2Fcategories&post=20"},{"taxonomy":"post_tag","embeddable":true,"href":"https:\/\/www.jvila.cat\/ca\/index.php?rest_route=%2Fwp%2Fv2%2Ftags&post=20"}],"curies":[{"name":"wp","href":"https:\/\/api.w.org\/{rel}","templated":true}]}}