{"id":168,"date":"2010-07-26T09:49:24","date_gmt":"2010-07-26T07:49:24","guid":{"rendered":"http:\/\/74.53.186.210\/~jvilacat\/ca\/?p=168"},"modified":"2010-07-26T09:49:24","modified_gmt":"2010-07-26T07:49:24","slug":"s%c2%b4ha-acabat-un-altre-curs","status":"publish","type":"post","link":"https:\/\/www.jvila.cat\/ca\/?p=168","title":{"rendered":"S\u00b4ha acabat un altre curs"},"content":{"rendered":"<p style=\"text-align: center;\"><object classid=\"clsid:d27cdb6e-ae6d-11cf-96b8-444553540000\" width=\"425\" height=\"344\" codebase=\"http:\/\/download.macromedia.com\/pub\/shockwave\/cabs\/flash\/swflash.cab#version=6,0,40,0\"><param name=\"allowFullScreen\" value=\"true\" \/><param name=\"allowscriptaccess\" value=\"always\" \/><param name=\"src\" value=\"http:\/\/www.youtube.com\/v\/19Jqd4pl_l4&amp;hl=es_ES&amp;fs=1\" \/><param name=\"allowfullscreen\" value=\"true\" \/><embed type=\"application\/x-shockwave-flash\" width=\"425\" height=\"344\" src=\"http:\/\/www.youtube.com\/v\/19Jqd4pl_l4&amp;hl=es_ES&amp;fs=1\" allowscriptaccess=\"always\" allowfullscreen=\"true\"><\/embed><\/object><\/p>\n<p>Anem passant fulls del calendari a tota velocitat com aquell que no vol i els cursos escolars canvien r\u00e0pidament. Tan aviat tenim els nostres fills fent P3 com ja els veiem acabant batxillerat. Tenir un fill a l&#8217;institut i una dona mestra em permet observar de prop els problemes de l&#8217;ensenyament. La meva visi\u00f3, per\u00f2, no \u00e9s nom\u00e9s la de pare, sin\u00f3 tamb\u00e9 la d&#8217;un empresari preocupat per la formaci\u00f3. Sovint he explicat que el nivell de benestar de la nostra societat dep\u00e8n de la competitivitat de la nostra economia, que alhora dep\u00e8n del nivell de formaci\u00f3 general. No parlo nom\u00e9s de la formaci\u00f3 dels treballadors, sin\u00f3 tamb\u00e9 de la dels empresaris i de la dels pol\u00edtics. Fa un any em queixava que no es dedica prou temps a l&#8217;ensenyament de les matem\u00e0tiques, cosa que repercuteix en una formaci\u00f3 incompleta de la l\u00f2gica, del sentit com\u00fa que tant es troba a faltar en el dia a dia.<!--more--><br \/>\nNo fa gaire vaig escoltar la conversa d&#8217;un alumne amb una professora d&#8217;institut. Que si el curs ha anat b\u00e9, que si l&#8217;any que ve acabo l&#8217;ESO, que si voldria fer el batxillerat tecnol\u00f2gic,&#8230; fins que la pregunta va ser sobre quants alumnes de la seva classe havien aprovat. Un 60%, va respondre ell. No, no, digue&#8217;m quants alumnes van aprovar l&#8217;\u00faltim trimestre, li va demanar la professora. Ah!, nom\u00e9s el 30%. El curs el van arribar a aprovar perqu\u00e8 els ex\u00e0mens de repesca eren fets perqu\u00e8 ning\u00fa suspengu\u00e9s, va contestar ell.<br \/>\nM&#8217;agrada veure el temari de les assignatures que estudia el meu fill. Sovint les comparo, edat per edat, amb les que jo estudiava i quedo meravellat del material i del contingut de les mateixes. Qui ho ?hagu\u00e9s tingut! Em v\u00e9nen temptacions de fer-me professor d&#8217;institut, encara que tothom em diu que seria un p\u00e8ssim ?ensenyant. Tamb\u00e9 valoro positivament els centres i els professors, sempre amb la relativitat oportuna. Si la majoria dels alumnes d&#8217;ESO aprovessin el curr\u00edculum establert resoldr\u00edem bona part dels problemes de la societat. La infraestructura, el pressupost, el material i els professors que ara hi ha ho haurien de permetre, ja que no estan tan malament.<br \/>\nPer\u00f2 no, el resultat \u00e9s que 5 de cada 10 alumnes no acaba l&#8217;ESO i que uns altres 2 l&#8217;acaben amb el t\u00edtol sense tenir el nivell requerit. El frac\u00e0s escolar espanyol \u00e9s el doble del de la mitjana europea. Una part es deu a q\u00fcestions d&#8217;organitzaci\u00f3 i a una inversi\u00f3 inadequada a ensenyament, per\u00f2 \u00e9s segur que la major dificultat es troba en altres disfuncions de la societat, essent el punt m\u00e9s important la desmotivaci\u00f3 dels joves per l&#8217;estudi.<br \/>\nEl meu fill m&#8217;ha explicat que un alumne xin\u00e8s, que coincideix aquests dies amb ell estudiant angl\u00e8s, t\u00e9 un horari escolar que va de les 8 h a les 22 h, que tot el dia \u00e9s a l&#8217;escola i que el seu m\u00e8tode d&#8217;aprenentatge \u00e9s molt ineficient. M&#8217;explica que el problema \u00e9s la complexitat de la llengua mandar\u00ed. Malgrat aquests obstacles cada any surten m\u00e9s enginyers a la Xina que a la resta del m\u00f3n. La for\u00e7a de la societat xinesa rau en l&#8217;ambici\u00f3, en les ganes de superaci\u00f3 de la pobresa hist\u00f2rica. L&#8217;ambici\u00f3 \u00e9s una de les claus de la motivaci\u00f3, \u00e9s el potencial necessari perqu\u00e8 flueixi l&#8217;energia per estudiar. Pensar que hem de motivar els alumnes comprant-los les ganes i que els hem d&#8217;ensenyar com si es tract\u00e9s d&#8217;un joc \u00e9s un error. La motivaci\u00f3 ha de venir perqu\u00e8 els hem de conv\u00e8ncer que sense estudiar no hi ha \u00e8xit en la societat del futur, deixant clar que aquesta acci\u00f3 requereix esfor\u00e7, que la vida \u00e9s dura i que cal lluitar per sortir-te&#8217;n. Fixeu-vos que el discurs \u00e9s justament el contrari del que s&#8217;ha fet fins ara: durant els 10 anys que ha durat la borratxera immobili\u00e0ria ha estat clar pels joves que per triomfar no s&#8217;havia de tenir coneixements, sin\u00f3 cara dura. Els referents de la joventut no s\u00f3n persones amb dedicaci\u00f3 professional, ni cient\u00edfics perseverants, no, els referents s\u00f3n persones milion\u00e0ries, esportistes medi\u00e0tics o gent de la far\u00e0ndula televisiva.<br \/>\nEl problema ve de m\u00e9s enrere, quan els pares i els educadors vam decidir embolcallar els nostres fills en cot\u00f3, donant-los totes les seves demandes, evitant-los esfor\u00e7os,&#8230; planyent-los en exc\u00e9s. Fins que no tinguem clar que les taules de multiplicar s\u00f3n necess\u00e0ries i que per aprendre-les cal un esfor\u00e7, que el teorema de Pit\u00e0gores requereix exercitar-lo per tenir prou domini, fins que no es s\u00e0piguen tots els complements de les oracions a base de repetir-les, fins que no entenguin les reaccions qu\u00edmiques a base d&#8217;estudiar-les, fins que no s&#8217;hagin llegit un munt de llibres imprescindibles,&#8230; la formaci\u00f3 no ser\u00e0 la que ha de ser.<br \/>\nLlegeixo que el frac\u00e0s escolar dep\u00e8n del nivell educatiu dels pares m\u00e9s que no pas del sociecon\u00f2mic: el 20% dels alumnes amb pares universitaris (el 15,7% de la poblaci\u00f3 catalana) pateixen risc de frac\u00e0s, percentatge que s&#8217;eleva al 46,2% en el cas de pares amb estudis primaris (el 61,4% de la poblaci\u00f3) i al 62,9% en el cas de pares sense estudis (el 22,9% de la poblaci\u00f3). Si apliquem els percentatges ponderats, el risc de frac\u00e0s escolar total a Catalunya \u00e9s del 45,9%. Es pot millorar aquest frac\u00e0s? Evidentment s\u00ed. Per un costat la fi del treball massiu a la construcci\u00f3 far\u00e0 part de la feina, impulsant m\u00e9s joves a estudiar. Per l&#8217;altre, manca una campanya de promoci\u00f3 de l&#8217;estudi i de referents que hi ?acompanyin.<br \/>\nLlegeixo un treball excel\u00b7lent fet als Estats Units (Perry preschool program) on s&#8217;ha estudiat dos grups a l&#8217;atzar d&#8217;un col\u00b7lectiu de perfil sociol\u00f2gic baix. A un dels grups se&#8217;ls va tractar amb classes durant 2,5 hores cada dia, a m\u00e9s de visites setmanals a les seves fam\u00edlies de 90 minuts de durada. A l&#8217;altre grup nom\u00e9s se&#8217;l va observar. El programa es va aplicar durant 30 setmanes a l&#8217;any entre els anys 1962 i 1967 i el control s&#8217;ha fet durant 40 anys. El resultat del programa va ser una millora de la meitat del frac\u00e0s escolar i el resultat final \u00e9s que el percentatge d&#8217;individus que ara cobren m\u00e9s de 2.000 d\u00f2lars al mes augmenta del 7% al 28%, els que tenen habitatge propi del 13% al 36% i el dels que mai necessiten assist\u00e8ncia social passa del 14% al 29%. Cal afegir que l&#8217;\u00edndex de criminalitat ha baixat a la meitat.<br \/>\nPer tant, es pot concloure que s\u00ed, que \u00e9s possible reduir el frac\u00e0s escolar, una part amb mesures senzilles de promoci\u00f3 i publicitat i, la part m\u00e9s dif\u00edcil (la que pertany a una certa capa migrat\u00f2ria), amb m\u00e9s inversi\u00f3 pressupost\u00e0ria.<\/p>\n<div style=\"padding-top:0px;\t\r\npadding-right:0px;\r\npadding-bottom:0px;\r\npadding-left:0px;\r\nmargin-top:0px;\r\nmargin-right:0px;\r\nmargin-bottom:0px;\r\nmargin-left:0px;\"><a href=\"https:\/\/twitter.com\/share\" class=\"twitter-share-button\" \r\n\t\t\t\t        data-url=\"https:\/\/www.jvila.cat\/ca\/?p=168\" \r\n\t\t\t\t        data-via=\"joanvilallanars\"\r\n\t\t\t\t\t    data-text=\"Tuiteja\"\r\n\t\t\t\t\t    data-related=\"\"\r\n\t\t\t\t\t    data-count=\"horizontal\"\r\n\t\t\t\t\t    data-hashtags=\"\"\r\n\t\t\t\t\t    data-lang=\"ca_CA\"\r\n\t\t\t\t\t    data-counturl=\"\"\r\n\t\t\t\t\t    data-size=\"medium\"\r\n\t\t\t\t\t    data-dnt=\"false\"\t> Tweet <\/a> <\/div>\r\n\t\t                <script>\r\n\t\t\t\t\t    !function(d,s,id) {\r\n\t\t\t\t\t      var js,fjs=d.getElementsByTagName(s)[0];\r\n\t\t\t\t\t      if(!d.getElementById(id)) {\r\n\t\t\t\t\t       js=d.createElement(s);js.id=id;js.src=\"https:\/\/platform.twitter.com\/widgets.js\";fjs.parentNode.insertBefore(js,fjs);\r\n\t\t\t\t\t      }\r\n\t\t\t\t\t    }\r\n\t\t\t\t\t   (document,\"script\",\"twitter-wjs\");\r\n\t\t\t\t\t    <\/script>","protected":false},"excerpt":{"rendered":"<p>Anem passant fulls del calendari a tota velocitat com aquell que no vol i els cursos escolars canvien r\u00e0pidament. Tan aviat tenim els nostres fills fent P3 com ja els veiem acabant batxillerat. Tenir un fill a l&#8217;institut i una dona mestra em permet observar de prop els problemes de l&#8217;ensenyament. La meva visi\u00f3, per\u00f2, no \u00e9s nom\u00e9s la de pare, sin\u00f3 tamb\u00e9 la d&#8217;un empresari preocupat per la formaci\u00f3. Sovint he explicat que el nivell de benestar de la&#8230;<\/p>\n<p class=\"read-more\"><a class=\"btn btn-default\" href=\"https:\/\/www.jvila.cat\/ca\/?p=168\">Llegeix l&#8217;article<span class=\"screen-reader-text\"> Llegeix l&#8217;article<\/span><\/a><\/p>\n","protected":false},"author":1,"featured_media":0,"comment_status":"open","ping_status":"open","sticky":false,"template":"","format":"standard","meta":{"footnotes":""},"categories":[1],"tags":[],"class_list":["post-168","post","type-post","status-publish","format-standard","hentry","category-opinio"],"_links":{"self":[{"href":"https:\/\/www.jvila.cat\/ca\/index.php?rest_route=\/wp\/v2\/posts\/168","targetHints":{"allow":["GET"]}}],"collection":[{"href":"https:\/\/www.jvila.cat\/ca\/index.php?rest_route=\/wp\/v2\/posts"}],"about":[{"href":"https:\/\/www.jvila.cat\/ca\/index.php?rest_route=\/wp\/v2\/types\/post"}],"author":[{"embeddable":true,"href":"https:\/\/www.jvila.cat\/ca\/index.php?rest_route=\/wp\/v2\/users\/1"}],"replies":[{"embeddable":true,"href":"https:\/\/www.jvila.cat\/ca\/index.php?rest_route=%2Fwp%2Fv2%2Fcomments&post=168"}],"version-history":[{"count":1,"href":"https:\/\/www.jvila.cat\/ca\/index.php?rest_route=\/wp\/v2\/posts\/168\/revisions"}],"predecessor-version":[{"id":169,"href":"https:\/\/www.jvila.cat\/ca\/index.php?rest_route=\/wp\/v2\/posts\/168\/revisions\/169"}],"wp:attachment":[{"href":"https:\/\/www.jvila.cat\/ca\/index.php?rest_route=%2Fwp%2Fv2%2Fmedia&parent=168"}],"wp:term":[{"taxonomy":"category","embeddable":true,"href":"https:\/\/www.jvila.cat\/ca\/index.php?rest_route=%2Fwp%2Fv2%2Fcategories&post=168"},{"taxonomy":"post_tag","embeddable":true,"href":"https:\/\/www.jvila.cat\/ca\/index.php?rest_route=%2Fwp%2Fv2%2Ftags&post=168"}],"curies":[{"name":"wp","href":"https:\/\/api.w.org\/{rel}","templated":true}]}}