{"id":163,"date":"2010-07-18T16:46:34","date_gmt":"2010-07-18T14:46:34","guid":{"rendered":"http:\/\/74.53.186.210\/~jvilacat\/ca\/?p=163"},"modified":"2010-07-18T16:46:34","modified_gmt":"2010-07-18T14:46:34","slug":"manifestacio-i-ruptura-civil","status":"publish","type":"post","link":"https:\/\/www.jvila.cat\/ca\/?p=163","title":{"rendered":"Manifestaci\u00f3 i ruptura civil"},"content":{"rendered":"<p style=\"text-align: center;\"><object classid=\"clsid:d27cdb6e-ae6d-11cf-96b8-444553540000\" width=\"425\" height=\"344\" codebase=\"http:\/\/download.macromedia.com\/pub\/shockwave\/cabs\/flash\/swflash.cab#version=6,0,40,0\"><param name=\"allowFullScreen\" value=\"true\" \/><param name=\"allowscriptaccess\" value=\"always\" \/><param name=\"src\" value=\"http:\/\/www.youtube.com\/v\/EU2ZSINZSCA&amp;hl=es_ES&amp;fs=1\" \/><param name=\"allowfullscreen\" value=\"true\" \/><embed type=\"application\/x-shockwave-flash\" width=\"425\" height=\"344\" src=\"http:\/\/www.youtube.com\/v\/EU2ZSINZSCA&amp;hl=es_ES&amp;fs=1\" allowscriptaccess=\"always\" allowfullscreen=\"true\"><\/embed><\/object><\/p>\n<p>Tothom coincideix que la manifestaci\u00f3 del 10-J marca un punt d&#8217;inflexi\u00f3 en la pol\u00edtica a Catalunya. Queda per veure cap on porta el canvi de la tend\u00e8ncia de la corba catalana. Anomeno corba catalana a una funci\u00f3 en el temps on hi ha l&#8217;economia, la for\u00e7a cultural i la influ\u00e8ncia pol\u00edtica. Fa anys que aquesta corba t\u00e9 un pendent negatiu, lleuger, per\u00f2 avall. L&#8217;economia fa anys que baixa (all\u00f2 de la p\u00e8rdua de teixit econ\u00f2mic), la cultura no t\u00e9 novetats a excepci\u00f3 del teatre, i el pes pol\u00edtic, la influ\u00e8ncia pol\u00edtica catalana a Espanya i al m\u00f3n, s&#8217;ha redu\u00eft en els darrers anys de forma alarmant fins arribar a la sent\u00e8ncia de l&#8217;Estatut, el punt m\u00e9s baix de la corba.<br \/>\nLes raons del declivi de la corba s\u00f3n complexes, i no nom\u00e9s pol\u00edtiques. Podr\u00edem convenir que provenen b\u00e0sicament d&#8217;una deixadesa en l&#8217;inter\u00e8s de la societat civil per les q\u00fcestions comunit\u00e0ries. Els darrers deu o quinze anys han suposat la p\u00e8rdua del que \u00e9s com\u00fa davant l&#8217;inter\u00e8s individual, cosa no expl\u00edcita nom\u00e9s a casa nostra, sin\u00f3 estesa en el m\u00f3n global. Aix\u00ed s&#8217;explica el davallar de les empreses industrials, cercant el benefici a curt termini en l&#8217;immobiliari enlloc d&#8217;enfortir les empreses. Tamb\u00e9 explica com hem deixat tenir la classe pol\u00edtica que tenim, fruit d&#8217;un santfotisme est\u00e8s en els electors. Gaireb\u00e9 s&#8217;ha esva\u00eft l&#8217;acci\u00f3 volunt\u00e0ria, gratu\u00efta i desinteressada de l&#8217;individu per q\u00fcestions d&#8217;inter\u00e8s com\u00fa.<!--more--><br \/>\nEl descens de la corba catalana s&#8217;ha tradu\u00eft en el mateix per\u00edode en una p\u00e8rdua del respecte de la resta d&#8217;Espanya envers Catalunya. Fins la meitat dels anys 90 Catalunya era un referent a Espanya de societat moderna, avan\u00e7ada culturalment, ordenada, rica i amb un pes econ\u00f2mic envejable. A partir d&#8217;aquell moment, coincidint amb el per\u00edode de l&#8217;immobiliari, del cr\u00e8dit f\u00e0cil, de l&#8217;economia de la pilota, de l&#8217;ajut europeu a les autonomies m\u00e9s pobres, la resta d&#8217;Espanya va anar perdent el respecte i l&#8217;admiraci\u00f3 cap a Catalunya, transformant-lo en menyspreu. Eleccions successives van servir al Partit Popular per treure&#8217;n vots en aquest enfrontament entre Catalunya i Espanya.<br \/>\nHeus aqu\u00ed un panorama dif\u00edcil. Per un costat una decad\u00e8ncia palpable de Catalunya i per l&#8217;altre la p\u00e8rdua de respecte de la resta d&#8217;Espanya.<br \/>\nEls temps, per\u00f2, han canviat. Per un costat hi ha la fi de l&#8217;economia del cr\u00e8dit f\u00e0cil i de l&#8217;especulaci\u00f3 que acaba amb la falsa riquesa immobili\u00e0ria. Aquest fet impulsa les \u00e0rees industrials i tur\u00edstiques, aspectes aquests que a Catalunya encara s\u00f3n destacats. Per l&#8217;altre costat la societat civil catalana, amb el proc\u00e9s pol\u00edtic derivat de la sent\u00e8ncia de l&#8217;Estatut, est\u00e0 arribant a la conclusi\u00f3 que la relaci\u00f3 amb Espanya no t\u00e9 soluci\u00f3, que el cam\u00ed porta irremeiablement a un punt de ruptura.<br \/>\nLa pregunta \u00e9s, ruptura de qu\u00e8? Perqu\u00e8 per generar una ruptura amb l&#8217;Estat espanyol primer hem de provocar una ruptura interna a la societat catalana: amb les organitzacions empresarials, sindicals, pol\u00edtiques i culturals que tenim ara no anirem gaire lluny. A partir del convenciment que la corba catalana es troba en el seu moment m\u00e9s baix, cal un esfor\u00e7 per fer inflexionar-la cap amunt. Ja he dit que els temps hi acompanyen, pel potencial industrial i tur\u00edstic del pa\u00eds i pel retorn de la cultura de l&#8217;esfor\u00e7. La for\u00e7a, per\u00f2, s&#8217;ha de fer en tots els \u00e0mbits, no nom\u00e9s en l&#8217;empresarial.<br \/>\nCal una ruptura, doncs, en totes direccions, propiciant la coher\u00e8ncia, deixant de ser hip\u00f2crites. Per exemple, no serveix de res que La Vanguardia lideri moviments sobre la dignitat si no \u00e9s capa\u00e7 de treure una edici\u00f3 en catal\u00e0 com fa anys que va fer el seu competidor. Ja no val l&#8217;argument que \u00e9s un diari d&#8217;Espanya, perqu\u00e8 pot fer dues edicions. Cal enfocar b\u00e9 per dosificar les forces. No \u00e9s bo posar el concert econ\u00f2mic o la modificaci\u00f3 de la Constituci\u00f3 com a noves fites d&#8217;enfrontament perqu\u00e8 no porten enlloc. Ni \u00e9s possible el concert, ni tindrem mai la majoria necess\u00e0ria per canviar la Constituci\u00f3, ni ens ajuda l&#8217;enfrontament, malbaratant energia en va. Cal ser pr\u00e0ctic i votar els partits que tinguin clar que s&#8217;han d&#8217;obtenir contraprestacions a cada cosa que es negoci\u00ef a Madrid. Cal ser intel\u00b7ligent i afavorir els partits que impulsin la internacionalitzaci\u00f3 de l&#8217;economia catalana, deixant d&#8217;invertir en carreteres si cal. Cal ser gener\u00f3s i participar en organitzacions socials, siguin clubs, ateneus, o associacions. Cal ser treballador, tornar a recuperar la feina ben feta i el gust a fer pa\u00eds. Cal ser pedag\u00f2gic a casa, no cal que ho fem arreu d&#8217;Espanya, perqu\u00e8 ja hem comprovat que no serveix de res. Cal impulsar urgentment l&#8217;ensenyament, promocionant-lo socialment, explicant que la societat futura \u00e9s la del coneixement.<br \/>\nTot plegat no ho farem amb les organitzacions que tenim ara. Els esfor\u00e7os de tothom s\u00f3n extremadament dispersos, cosa que demana un treball de concreci\u00f3, d&#8217;enfoc cap a un objectiu \u00fanic. En definitiva cal un discurs dominant que alhora exigeix tenir un l\u00edder capa\u00e7 d&#8217;introduir un estat d&#8217;opini\u00f3 majoritari.<br \/>\nNecessitem un punt de ruptura per canviar persones i organitzacions. Les properes eleccions podrien ser una bona ocasi\u00f3 si s&#8217;hagu\u00e9s fet la nova llei electoral que permet\u00e9s l&#8217;entrada de gent nova a la pol\u00edtica sense passar pels aparells dels partits. El m\u00e9s probable \u00e9s que el canvi sigui menor, un senzill canvi de cromos, quan el que seria necessari \u00e9s un terratr\u00e8mol en el PSC i un altre a CiU que separ\u00e9s les dues \u00e0nimes que els componen.<br \/>\nPer tant el proc\u00e9s ser\u00e0 molt m\u00e9s llarg, amb m\u00e9s greuges amb Espanya i m\u00e9s actes com el del dissabte 10-J. Entretant m\u00e9s i m\u00e9s persones arribaran a la conclusi\u00f3 que no hi ha m\u00e9s remei que arribar a una ruptura, ra\u00f3 a la qual jo no hauria pensat arribar mai tot just fa un any.<\/p>\n<div style=\"padding-top:0px;\t\r\npadding-right:0px;\r\npadding-bottom:0px;\r\npadding-left:0px;\r\nmargin-top:0px;\r\nmargin-right:0px;\r\nmargin-bottom:0px;\r\nmargin-left:0px;\"><a href=\"https:\/\/twitter.com\/share\" class=\"twitter-share-button\" \r\n\t\t\t\t        data-url=\"https:\/\/www.jvila.cat\/ca\/?p=163\" \r\n\t\t\t\t        data-via=\"joanvilallanars\"\r\n\t\t\t\t\t    data-text=\"Tuiteja\"\r\n\t\t\t\t\t    data-related=\"\"\r\n\t\t\t\t\t    data-count=\"horizontal\"\r\n\t\t\t\t\t    data-hashtags=\"\"\r\n\t\t\t\t\t    data-lang=\"ca_CA\"\r\n\t\t\t\t\t    data-counturl=\"\"\r\n\t\t\t\t\t    data-size=\"medium\"\r\n\t\t\t\t\t    data-dnt=\"false\"\t> Tweet <\/a> <\/div>\r\n\t\t                <script>\r\n\t\t\t\t\t    !function(d,s,id) {\r\n\t\t\t\t\t      var js,fjs=d.getElementsByTagName(s)[0];\r\n\t\t\t\t\t      if(!d.getElementById(id)) {\r\n\t\t\t\t\t       js=d.createElement(s);js.id=id;js.src=\"https:\/\/platform.twitter.com\/widgets.js\";fjs.parentNode.insertBefore(js,fjs);\r\n\t\t\t\t\t      }\r\n\t\t\t\t\t    }\r\n\t\t\t\t\t   (document,\"script\",\"twitter-wjs\");\r\n\t\t\t\t\t    <\/script>","protected":false},"excerpt":{"rendered":"<p>Tothom coincideix que la manifestaci\u00f3 del 10-J marca un punt d&#8217;inflexi\u00f3 en la pol\u00edtica a Catalunya. Queda per veure cap on porta el canvi de la tend\u00e8ncia de la corba catalana. Anomeno corba catalana a una funci\u00f3 en el temps on hi ha l&#8217;economia, la for\u00e7a cultural i la influ\u00e8ncia pol\u00edtica. Fa anys que aquesta corba t\u00e9 un pendent negatiu, lleuger, per\u00f2 avall. L&#8217;economia fa anys que baixa (all\u00f2 de la p\u00e8rdua de teixit econ\u00f2mic), la cultura no t\u00e9 novetats&#8230;<\/p>\n<p class=\"read-more\"><a class=\"btn btn-default\" href=\"https:\/\/www.jvila.cat\/ca\/?p=163\">Llegeix l&#8217;article<span class=\"screen-reader-text\"> Llegeix l&#8217;article<\/span><\/a><\/p>\n","protected":false},"author":1,"featured_media":0,"comment_status":"open","ping_status":"open","sticky":false,"template":"","format":"standard","meta":{"footnotes":""},"categories":[1],"tags":[],"class_list":["post-163","post","type-post","status-publish","format-standard","hentry","category-opinio"],"_links":{"self":[{"href":"https:\/\/www.jvila.cat\/ca\/index.php?rest_route=\/wp\/v2\/posts\/163","targetHints":{"allow":["GET"]}}],"collection":[{"href":"https:\/\/www.jvila.cat\/ca\/index.php?rest_route=\/wp\/v2\/posts"}],"about":[{"href":"https:\/\/www.jvila.cat\/ca\/index.php?rest_route=\/wp\/v2\/types\/post"}],"author":[{"embeddable":true,"href":"https:\/\/www.jvila.cat\/ca\/index.php?rest_route=\/wp\/v2\/users\/1"}],"replies":[{"embeddable":true,"href":"https:\/\/www.jvila.cat\/ca\/index.php?rest_route=%2Fwp%2Fv2%2Fcomments&post=163"}],"version-history":[{"count":1,"href":"https:\/\/www.jvila.cat\/ca\/index.php?rest_route=\/wp\/v2\/posts\/163\/revisions"}],"predecessor-version":[{"id":164,"href":"https:\/\/www.jvila.cat\/ca\/index.php?rest_route=\/wp\/v2\/posts\/163\/revisions\/164"}],"wp:attachment":[{"href":"https:\/\/www.jvila.cat\/ca\/index.php?rest_route=%2Fwp%2Fv2%2Fmedia&parent=163"}],"wp:term":[{"taxonomy":"category","embeddable":true,"href":"https:\/\/www.jvila.cat\/ca\/index.php?rest_route=%2Fwp%2Fv2%2Fcategories&post=163"},{"taxonomy":"post_tag","embeddable":true,"href":"https:\/\/www.jvila.cat\/ca\/index.php?rest_route=%2Fwp%2Fv2%2Ftags&post=163"}],"curies":[{"name":"wp","href":"https:\/\/api.w.org\/{rel}","templated":true}]}}