{"id":138,"date":"2010-06-02T19:36:32","date_gmt":"2010-06-02T17:36:32","guid":{"rendered":"http:\/\/74.53.186.210\/~jvilacat\/ca\/?p=138"},"modified":"2010-06-02T19:36:32","modified_gmt":"2010-06-02T17:36:32","slug":"caixa-girona-cap-a-la-caixa-ves-per-on","status":"publish","type":"post","link":"https:\/\/www.jvila.cat\/ca\/?p=138","title":{"rendered":"CAIXA GIRONA CAP A LA CAIXA. VES PER ON"},"content":{"rendered":"<p><object classid=\"clsid:d27cdb6e-ae6d-11cf-96b8-444553540000\" width=\"480\" height=\"385\" codebase=\"http:\/\/download.macromedia.com\/pub\/shockwave\/cabs\/flash\/swflash.cab#version=6,0,40,0\"><param name=\"allowFullScreen\" value=\"true\" \/><param name=\"allowscriptaccess\" value=\"always\" \/><param name=\"src\" value=\"http:\/\/www.youtube.com\/v\/WFBWi5Haa9M&amp;hl=es_ES&amp;fs=1&amp;\" \/><param name=\"allowfullscreen\" value=\"true\" \/><embed type=\"application\/x-shockwave-flash\" width=\"480\" height=\"385\" src=\"http:\/\/www.youtube.com\/v\/WFBWi5Haa9M&amp;hl=es_ES&amp;fs=1&amp;\" allowscriptaccess=\"always\" allowfullscreen=\"true\"><\/embed><\/object><br \/>\n<strong> <\/strong>El cam\u00ed seguit per Caixa Girona per resoldre la seva transformaci\u00f3 en una caixa m\u00e9s gran pot haver estat el millor possible. Els que est\u00e0vem a favor de la fusi\u00f3 amb la caixa Unnim ho f\u00e8iem des del convenciment que al territori li calen entitats financeres amb m\u00e9s capital i m\u00e9s m\u00fascul.<br \/>\nHeus aqu\u00ed que pocs pod\u00edem pensar que la fusi\u00f3 es faria amb la caixa que t\u00e9 m\u00e9s implantaci\u00f3 al territori, la compet\u00e8ncia m\u00e9s important de Caixa de Girona. La fusi\u00f3 amb La Caixa era poc previsible perqu\u00e8 significa una duplicitat de m\u00e9s de 100 oficines, gaireb\u00e9 la totalitat de les de Caixa de Girona, amb una p\u00e8rdua considerable de llocs de treball. Tampoc ho era perqu\u00e8 significava la concentraci\u00f3 financera del 60% en mans de la nova entitat. I finalment no era imaginable perqu\u00e8 la disparitat de forces entre una entitat i l&#8217;altra feia dif\u00edcil conservar cap personalitat de Caixa de Girona.<br \/>\nDoncs ha estat aix\u00ed. La nova Caixa resultant ser\u00e0 l&#8217;entitat financera principal a les comarques de Girona. De fet, quan hagi acabat de digerir els serveis centrals del carrer de la Creu i la duplicitat d&#8217;oficines arreu dels pobles, haur\u00e0 millorat el doble la productivitat. Per tant el resultat ser\u00e0 l&#8217;obtenci\u00f3 d&#8217;unes oficines amb menys costos espec\u00edfics, m\u00e9s competitives, fet que \u00e9s bo pel teixit econ\u00f2mic perqu\u00e8 pot permetre que hi hagi millors preus financers.<br \/>\n\u00c9s d&#8217;esperar que la digesti\u00f3 de les oficines sobrants es far\u00e0 amb la suavitat pertinent i necess\u00e0ria, lluny de cap traumatisme que haurien suposat altres solucions com la de no fer res, amb la possibilitat d&#8217;acabar amb la intervenci\u00f3 del Banc d&#8217;Espanya, que suggeria <strong>Ramon Verg\u00e9s<\/strong> en el seu article de diumenge.<br \/>\nEl punt de m\u00e9s recan\u00e7a en la soluci\u00f3 de la nova Caixa \u00e9s la concentraci\u00f3 banc\u00e0ria i la p\u00e8rdua de diversitat. Si la soluci\u00f3 hagu\u00e9s estat amb Unnim la diversitat, l&#8217;oferta financera, hauria estat millor. Per\u00f2 vist el resultat d&#8217;Unnim, amb una talla encara petita, \u00e9s previsible que la traject\u00f2ria d&#8217;aquesta caixa encara no hagi acabat, i que necessiti possiblement una segona volta de fusions per augmentar m\u00e9s la massa financera. Per tant la soluci\u00f3 de la nova Caixa pot esdevenir la millor de les possibles a llarg termini. Tenir a m\u00e0 una caixa professional, la m\u00e9s professional de totes, que no s&#8217;ha deixat embadocar per la moda immobili\u00e0ria ni per la ludopatia desenfrenada, amb una morositat del 3,4% lluny del 5,5% de la resta del sector, \u00e9s comen\u00e7ar a redre\u00e7ar la situaci\u00f3 amb bon peu.<br \/>\nPer una vegada no ens hem deixat portar per maneres de fer gironines com la de voler romandre com a caixa independent. No era possible perqu\u00e8 una caixa no \u00e9s una entitat com qualsevol empresa, ja que dep\u00e8n d&#8217;un regulador que li diu el que ha de fer, ni era cert que no fos una entitat vulnerable, ni es podia pensar que al pa\u00eds encara qued\u00e9s una caixa de la senyoreta pepis, que nom\u00e9s serv\u00eds per pentinar nines.<br \/>\nLa nova Caixa, amb la seva professionalitat, possibilitar\u00e0 el naixement de nou teixit industrial, permetr\u00e0 el desenvolupament d&#8217;I + D, permetr\u00e0 la implicaci\u00f3 de la UdG amb les empreses i far\u00e0 el sord a m\u00e9s especulacions immobili\u00e0ries. \u00c9s el millor comen\u00e7ament per a la nova economia que ha de venir. Ves per on.<\/p>\n<div style=\"padding-top:0px;\t\r\npadding-right:0px;\r\npadding-bottom:0px;\r\npadding-left:0px;\r\nmargin-top:0px;\r\nmargin-right:0px;\r\nmargin-bottom:0px;\r\nmargin-left:0px;\"><a href=\"https:\/\/twitter.com\/share\" class=\"twitter-share-button\" \r\n\t\t\t\t        data-url=\"https:\/\/www.jvila.cat\/ca\/?p=138\" \r\n\t\t\t\t        data-via=\"joanvilallanars\"\r\n\t\t\t\t\t    data-text=\"Tuiteja\"\r\n\t\t\t\t\t    data-related=\"\"\r\n\t\t\t\t\t    data-count=\"horizontal\"\r\n\t\t\t\t\t    data-hashtags=\"\"\r\n\t\t\t\t\t    data-lang=\"ca_CA\"\r\n\t\t\t\t\t    data-counturl=\"\"\r\n\t\t\t\t\t    data-size=\"medium\"\r\n\t\t\t\t\t    data-dnt=\"false\"\t> Tweet <\/a> <\/div>\r\n\t\t                <script>\r\n\t\t\t\t\t    !function(d,s,id) {\r\n\t\t\t\t\t      var js,fjs=d.getElementsByTagName(s)[0];\r\n\t\t\t\t\t      if(!d.getElementById(id)) {\r\n\t\t\t\t\t       js=d.createElement(s);js.id=id;js.src=\"https:\/\/platform.twitter.com\/widgets.js\";fjs.parentNode.insertBefore(js,fjs);\r\n\t\t\t\t\t      }\r\n\t\t\t\t\t    }\r\n\t\t\t\t\t   (document,\"script\",\"twitter-wjs\");\r\n\t\t\t\t\t    <\/script>","protected":false},"excerpt":{"rendered":"<p>El cam\u00ed seguit per Caixa Girona per resoldre la seva transformaci\u00f3 en una caixa m\u00e9s gran pot haver estat el millor possible. Els que est\u00e0vem a favor de la fusi\u00f3 amb la caixa Unnim ho f\u00e8iem des del convenciment que al territori li calen entitats financeres amb m\u00e9s capital i m\u00e9s m\u00fascul. Heus aqu\u00ed que pocs pod\u00edem pensar que la fusi\u00f3 es faria amb la caixa que t\u00e9 m\u00e9s implantaci\u00f3 al territori, la compet\u00e8ncia m\u00e9s important de Caixa de Girona&#8230;.<\/p>\n<p class=\"read-more\"><a class=\"btn btn-default\" href=\"https:\/\/www.jvila.cat\/ca\/?p=138\">Llegeix l&#8217;article<span class=\"screen-reader-text\"> Llegeix l&#8217;article<\/span><\/a><\/p>\n","protected":false},"author":1,"featured_media":0,"comment_status":"open","ping_status":"open","sticky":false,"template":"","format":"standard","meta":{"footnotes":""},"categories":[1],"tags":[],"class_list":["post-138","post","type-post","status-publish","format-standard","hentry","category-opinio"],"_links":{"self":[{"href":"https:\/\/www.jvila.cat\/ca\/index.php?rest_route=\/wp\/v2\/posts\/138","targetHints":{"allow":["GET"]}}],"collection":[{"href":"https:\/\/www.jvila.cat\/ca\/index.php?rest_route=\/wp\/v2\/posts"}],"about":[{"href":"https:\/\/www.jvila.cat\/ca\/index.php?rest_route=\/wp\/v2\/types\/post"}],"author":[{"embeddable":true,"href":"https:\/\/www.jvila.cat\/ca\/index.php?rest_route=\/wp\/v2\/users\/1"}],"replies":[{"embeddable":true,"href":"https:\/\/www.jvila.cat\/ca\/index.php?rest_route=%2Fwp%2Fv2%2Fcomments&post=138"}],"version-history":[{"count":2,"href":"https:\/\/www.jvila.cat\/ca\/index.php?rest_route=\/wp\/v2\/posts\/138\/revisions"}],"predecessor-version":[{"id":140,"href":"https:\/\/www.jvila.cat\/ca\/index.php?rest_route=\/wp\/v2\/posts\/138\/revisions\/140"}],"wp:attachment":[{"href":"https:\/\/www.jvila.cat\/ca\/index.php?rest_route=%2Fwp%2Fv2%2Fmedia&parent=138"}],"wp:term":[{"taxonomy":"category","embeddable":true,"href":"https:\/\/www.jvila.cat\/ca\/index.php?rest_route=%2Fwp%2Fv2%2Fcategories&post=138"},{"taxonomy":"post_tag","embeddable":true,"href":"https:\/\/www.jvila.cat\/ca\/index.php?rest_route=%2Fwp%2Fv2%2Ftags&post=138"}],"curies":[{"name":"wp","href":"https:\/\/api.w.org\/{rel}","templated":true}]}}