{"id":123,"date":"2010-05-09T21:25:16","date_gmt":"2010-05-09T19:25:16","guid":{"rendered":"http:\/\/74.53.186.210\/~jvilacat\/ca\/?p=123"},"modified":"2010-05-09T21:25:16","modified_gmt":"2010-05-09T19:25:16","slug":"sortir-de-la-crisi-1-manca-el-relat","status":"publish","type":"post","link":"https:\/\/www.jvila.cat\/ca\/?p=123","title":{"rendered":"Sortir de la crisi (1): Manca el relat"},"content":{"rendered":"<p style=\"text-align: left;\"><object classid=\"clsid:d27cdb6e-ae6d-11cf-96b8-444553540000\" width=\"560\" height=\"340\" codebase=\"http:\/\/download.macromedia.com\/pub\/shockwave\/cabs\/flash\/swflash.cab#version=6,0,40,0\"><param name=\"allowFullScreen\" value=\"true\" \/><param name=\"allowscriptaccess\" value=\"always\" \/><param name=\"src\" value=\"http:\/\/www.youtube.com\/v\/g5Ygi6s54WU&amp;hl=es_ES&amp;fs=1&amp;\" \/><param name=\"allowfullscreen\" value=\"true\" \/><embed type=\"application\/x-shockwave-flash\" width=\"560\" height=\"340\" src=\"http:\/\/www.youtube.com\/v\/g5Ygi6s54WU&amp;hl=es_ES&amp;fs=1&amp;\" allowscriptaccess=\"always\" allowfullscreen=\"true\"><\/embed><\/object><br \/>\nA poc a poc arribem als l\u00edmits de la crisi on, suposadament, s&#8217;han de prendre les mesures. La crisi s&#8217;assembla a l&#8217;atemptat de les Torres Bessones: ni amb molta imaginaci\u00f3 haur\u00edem pensat arribar al lloc on ens estem acostant. El problema \u00e9s espanyol, per\u00f2 tamb\u00e9 de la resta d&#8217;Europa. No anem sols.<br \/>\nEn els dos anys que fa que dura la crisi no he vist a Europa un l\u00edder que expliqui l&#8217;origen del problema. Ens van dir que la crisi arrenc\u00e0 en el crac financer de les subprimes hipotec\u00e0ries generada als Estats Units. En aquell moment es va dir que el sistema bancari espanyol estava millor perqu\u00e8 el Banc d&#8217;Espanya havia estat m\u00e9s restrictiu que d&#8217;altres. Per\u00f2, m\u00e9s endavant, hem vist que el sistema bancari espanyol tamb\u00e9 tenia problemes derivats de l&#8217;exc\u00e9s hipotecari, amb una morositat immobili\u00e0ria insostenible. El pressupost del govern venia d&#8217;uns anys amb super\u00e0vit, cosa que suposava un cert pulm\u00f3 davant la manca de creixement econ\u00f2mic i l&#8217;augment de l&#8217;atur amb les prestacions corresponents.<br \/>\nHeus aqu\u00ed, per\u00f2, que el coix\u00ed que hi havia no ha servit de res doncs els ingressos de l&#8217;estat han arribat a caure fins a la meitat i tot se n&#8217;ha anat en orris. No s&#8217;havia donat prou import\u00e0ncia a que l&#8217;economia espanyola dedicava el 30% dels recursos a la construcci\u00f3 i no era capa\u00e7 de resoldre-ho en un termini curt. <!--more--><br \/>\nTots suposem que els alemanys s\u00ed que han fet els deures, augmentant la competitivitat de les empreses, exportant en quantitat i generant un super\u00e0vit exterior notable. Seria veritat si no fos perqu\u00e8 l&#8217;\u00e8xit alemany ha estat exportar als pa\u00efsos europeus que han viscut per sobre de les seves possibilitats, com ara Gr\u00e8cia, Espanya, It\u00e0lia, Portugal, Irlanda i Anglaterra. La ind\u00fastria alemanya ha exportat majorit\u00e0riament a aquests pa\u00efsos i els seus bancs tamb\u00e9 han finan\u00e7at les seves bombolles. Per tant, podem veure que si aquests han viscut de l&#8217;endeutament, fent un \u00fas excessiu del cr\u00e8dit, les altres nacions que s&#8217;autoanomenen m\u00e9s ortodoxes, Fran\u00e7a i Alemanya, tamb\u00e9 ho han fet, encara que indirectament. La conclusi\u00f3 \u00e9s que tot Europa ha viscut amb un exc\u00e9s de cr\u00e8dit durant la d\u00e8cada 2000-2010.<br \/>\nSi ara busquem les raons que han portat a viure tants anys del cr\u00e8dit, veurem que una part ha estat per la creaci\u00f3 de l&#8217;euro que, amb l&#8217;estabilitat de canvi i de baixos interessos, ha afavorit l&#8217;exc\u00e9s. Per\u00f2 tamb\u00e9 cal afegir-hi les facilitats de moviment de capital internacionals i l&#8217;exc\u00e9s de liquiditat en el mercat mundial que va conduir a ser menys restrictius en l&#8217;\u00fas de cr\u00e8dits. Si encara continuem cercant les raons arribarem al punt clau: la p\u00e8rdua de competitivitat de l&#8217;economia tradicional a causa de la transfer\u00e8ncia d&#8217;aquesta a pa\u00efsos emergents com l&#8217;\u00cdndia i la Xina. La desaparici\u00f3 d&#8217;una part important del teixit industrial d&#8217;Europa es va suplir per altres activitats que no es podien transferir, la m\u00e9s important de les quals \u00e9s la construcci\u00f3. Tothom va quedar content: augmentaven els llocs de treball, el creixement econ\u00f2mic anava a tota pastilla, les administracions tenien pressupostos generosos per fer pol\u00edtiques socials, els bancs i caixes podien augmentar la seva activitat per sobre de les seves possibilitats,&#8230; menys la ind\u00fastria, \u00e9s clar, que anava perdent massa muscular de forma alarmant.<br \/>\nLa conseq\u00fc\u00e8ncia a aquest raonament \u00e9s que en la d\u00e8cada anterior Europa ha perdut riquesa perqu\u00e8 l&#8217;ha transferit en forma de llocs de treball a pa\u00efsos emergents i a canvi ha volgut mantenir l&#8217;estat del benestar fent \u00fas de l&#8217;endeutament de tota l&#8217;economia. I ara aix\u00f2 s&#8217;ha acabat, el m\u00f3n ha decidit que \u00e9s excessiu, espantat com va quedar per la caiguda de Lehman Brothers.<br \/>\nA alg\u00fa toca dir-ho, alg\u00fa ha d&#8217;explicar que per sortir del pou on ens trobem nom\u00e9s es pot fer recuperant la massa perduda, sigui (1) aturant la globalitzaci\u00f3, (2) augmentant la productivitat de l&#8217;economia per compensar la p\u00e8rdua transferida, o (3) abaixant les prestacions de l&#8217;estat del benestar.<br \/>\nEl que \u00e9s segur \u00e9s que la soluci\u00f3 afectar\u00e0 l&#8217;estat del benestar, aprimant-lo. Per aix\u00f2 a Gr\u00e8cia tindran un per\u00edode llarg de contestaci\u00f3 social, per aix\u00f2 nosaltres tamb\u00e9 els tindrem quan comencem a actuar, i per aix\u00f2 aquests problemes acabaran fent-se extensius a la resta d&#8217;Europa.<br \/>\nHi ha molts arguments que impedeixen veure la realitat. El m\u00e9s important \u00e9s la frase dels sindicats quan diuen que la crisi no \u00e9s culpa dels treballadors, que ells no han de fer cap esfor\u00e7. Tenen ra\u00f3 en aix\u00f2 de la culpa. Per\u00f2 tampoc ho \u00e9s de la ind\u00fastria. Per tant, si aquesta ha de ser la que ha de prendre el relleu en la creaci\u00f3 de llocs de treball alguna cosa s&#8217;haur\u00e0 de fer, no? La competitivitat s&#8217;assoleix modernitzant les instal\u00b7lacions, millorant les organitzacions, per\u00f2 tamb\u00e9 disminuint l&#8217;absentisme i augmentant la complicitat dels treballadors dins l&#8217;empresa. Aquest ha de ser el gran objectiu a assolir. Fins que la ind\u00fastria i el turisme no es tornin a reanimar els pressupostos de les administracions no aixecaran el cap. Per fer-ho caldr\u00e0 apuntar en tres direccions: millorar el finan\u00e7ament de les empreses, aplicar una reforma laboral que ajudi a millorar la productivitat, i transformar la burocr\u00e0cia del pa\u00eds perqu\u00e8 deixi de ser un fre a l&#8217;activitat i sumi.<br \/>\nTot plegat necessita de lideratge social capa\u00e7 d&#8217;anar explicant i repetint que la societat ha d&#8217;augmentar l&#8217;esfor\u00e7 dels que treballen perqu\u00e8 els que no ho fan ho puguin fer un dia, que s&#8217;han de fer sacrificis per poder alliberar recursos necessaris pel funcionament de les empreses i que l&#8217;objectiu m\u00e9s important \u00e9s guanyar llocs de treball encara que sigui competint amb els baixos preus dels pa\u00efsos emergents. Com m\u00e9s es trigui a liderar el cam\u00ed, m\u00e9s dur ser\u00e0. La societat est\u00e0 desconcertada i li cal una visi\u00f3 a llarg termini que l&#8217;alliberi de les pors i les angoixes per assumir els sacrificis necessaris. On \u00e9s el l\u00edder?<\/p>\n<div style=\"padding-top:0px;\t\r\npadding-right:0px;\r\npadding-bottom:0px;\r\npadding-left:0px;\r\nmargin-top:0px;\r\nmargin-right:0px;\r\nmargin-bottom:0px;\r\nmargin-left:0px;\"><a href=\"https:\/\/twitter.com\/share\" class=\"twitter-share-button\" \r\n\t\t\t\t        data-url=\"https:\/\/www.jvila.cat\/ca\/?p=123\" \r\n\t\t\t\t        data-via=\"joanvilallanars\"\r\n\t\t\t\t\t    data-text=\"Tuiteja\"\r\n\t\t\t\t\t    data-related=\"\"\r\n\t\t\t\t\t    data-count=\"horizontal\"\r\n\t\t\t\t\t    data-hashtags=\"\"\r\n\t\t\t\t\t    data-lang=\"ca_CA\"\r\n\t\t\t\t\t    data-counturl=\"\"\r\n\t\t\t\t\t    data-size=\"medium\"\r\n\t\t\t\t\t    data-dnt=\"false\"\t> Tweet <\/a> <\/div>\r\n\t\t                <script>\r\n\t\t\t\t\t    !function(d,s,id) {\r\n\t\t\t\t\t      var js,fjs=d.getElementsByTagName(s)[0];\r\n\t\t\t\t\t      if(!d.getElementById(id)) {\r\n\t\t\t\t\t       js=d.createElement(s);js.id=id;js.src=\"https:\/\/platform.twitter.com\/widgets.js\";fjs.parentNode.insertBefore(js,fjs);\r\n\t\t\t\t\t      }\r\n\t\t\t\t\t    }\r\n\t\t\t\t\t   (document,\"script\",\"twitter-wjs\");\r\n\t\t\t\t\t    <\/script>","protected":false},"excerpt":{"rendered":"<p>A poc a poc arribem als l\u00edmits de la crisi on, suposadament, s&#8217;han de prendre les mesures. La crisi s&#8217;assembla a l&#8217;atemptat de les Torres Bessones: ni amb molta imaginaci\u00f3 haur\u00edem pensat arribar al lloc on ens estem acostant. El problema \u00e9s espanyol, per\u00f2 tamb\u00e9 de la resta d&#8217;Europa. No anem sols. En els dos anys que fa que dura la crisi no he vist a Europa un l\u00edder que expliqui l&#8217;origen del problema. Ens van dir que la crisi&#8230;<\/p>\n<p class=\"read-more\"><a class=\"btn btn-default\" href=\"https:\/\/www.jvila.cat\/ca\/?p=123\">Llegeix l&#8217;article<span class=\"screen-reader-text\"> Llegeix l&#8217;article<\/span><\/a><\/p>\n","protected":false},"author":1,"featured_media":0,"comment_status":"open","ping_status":"open","sticky":false,"template":"","format":"standard","meta":{"footnotes":""},"categories":[1],"tags":[],"class_list":["post-123","post","type-post","status-publish","format-standard","hentry","category-opinio"],"_links":{"self":[{"href":"https:\/\/www.jvila.cat\/ca\/index.php?rest_route=\/wp\/v2\/posts\/123","targetHints":{"allow":["GET"]}}],"collection":[{"href":"https:\/\/www.jvila.cat\/ca\/index.php?rest_route=\/wp\/v2\/posts"}],"about":[{"href":"https:\/\/www.jvila.cat\/ca\/index.php?rest_route=\/wp\/v2\/types\/post"}],"author":[{"embeddable":true,"href":"https:\/\/www.jvila.cat\/ca\/index.php?rest_route=\/wp\/v2\/users\/1"}],"replies":[{"embeddable":true,"href":"https:\/\/www.jvila.cat\/ca\/index.php?rest_route=%2Fwp%2Fv2%2Fcomments&post=123"}],"version-history":[{"count":4,"href":"https:\/\/www.jvila.cat\/ca\/index.php?rest_route=\/wp\/v2\/posts\/123\/revisions"}],"predecessor-version":[{"id":127,"href":"https:\/\/www.jvila.cat\/ca\/index.php?rest_route=\/wp\/v2\/posts\/123\/revisions\/127"}],"wp:attachment":[{"href":"https:\/\/www.jvila.cat\/ca\/index.php?rest_route=%2Fwp%2Fv2%2Fmedia&parent=123"}],"wp:term":[{"taxonomy":"category","embeddable":true,"href":"https:\/\/www.jvila.cat\/ca\/index.php?rest_route=%2Fwp%2Fv2%2Fcategories&post=123"},{"taxonomy":"post_tag","embeddable":true,"href":"https:\/\/www.jvila.cat\/ca\/index.php?rest_route=%2Fwp%2Fv2%2Ftags&post=123"}],"curies":[{"name":"wp","href":"https:\/\/api.w.org\/{rel}","templated":true}]}}